{"id":9990,"date":"2020-06-05T08:30:12","date_gmt":"2020-06-05T11:30:12","guid":{"rendered":"http:\/\/170.210.81.106\/newfade\/?p=9990"},"modified":"2022-11-07T08:32:44","modified_gmt":"2022-11-07T11:32:44","slug":"15-aniversario-del-observatorio-de-derechos-humanos-de-rio-negro","status":"publish","type":"post","link":"https:\/\/fadeweb.uncoma.edu.ar\/index.php\/2020\/06\/05\/15-aniversario-del-observatorio-de-derechos-humanos-de-rio-negro\/","title":{"rendered":"15 ANIVERSARIO DEL OBSERVATORIO DE DERECHOS HUMANOS DE R\u00cdO NEGRO"},"content":{"rendered":"<p class=\"subt1\"><img fetchpriority=\"high\" decoding=\"async\" class=\"alignnone size-full wp-image-9991\" src=\"https:\/\/fadeweb.uncoma.edu.ar\/wp-content\/uploads\/2022\/11\/oddhhrn.jpg\" alt=\"\" width=\"800\" height=\"789\" srcset=\"https:\/\/fadeweb.uncoma.edu.ar\/wp-content\/uploads\/2022\/11\/oddhhrn.jpg 800w, https:\/\/fadeweb.uncoma.edu.ar\/wp-content\/uploads\/2022\/11\/oddhhrn-300x296.jpg 300w, https:\/\/fadeweb.uncoma.edu.ar\/wp-content\/uploads\/2022\/11\/oddhhrn-768x757.jpg 768w\" sizes=\"(max-width: 800px) 100vw, 800px\" \/><\/p>\n<p class=\"texto\">El origen del Observatorio de Derechos Humanos de R\u00edo Negro data de 2004 y se ubica en la Facultad de Derecho y Ciencias Sociales de la UNCo, en donde se dictaba la Especializaci\u00f3n en Derechos Humanos. El cuerpo docente estaba integrado, entre otros, por el Doctor Rodolfo Mattarolo que se desempe\u00f1aba como Subsecretario de Promoci\u00f3n y Protecci\u00f3n de Derechos Humanos de la Secretar\u00eda de Derechos Humanos de la Naci\u00f3n Argentina.<\/p>\n<p class=\"texto\">A partir de una experiencia exitosa desarrollada en Naciones Unidas, Mattarolo expuso sobre la creaci\u00f3n de Observatorios de Derechos Humanos en distintas partes del mundo y la relevancia de su implantaci\u00f3n en nuestro pa\u00eds. Con esos antecedentes, un grupo de estudiantes integrado por Ana Calafat, Ana Benito, Beatriz Silva, Mariela Rodr\u00edguez y German Martin, le detall\u00f3 la situaci\u00f3n de las c\u00e1rceles en General Roca. La propuesta interes\u00f3 al entonces Subsecretario, sobre todo porque Argentina acababa de firmar el Protocolo Adicional de la Convenci\u00f3n contra la Tortura, el cual propiciaba la apertura de observatorios como forma de erradicar dicho flagelo en nuestro pa\u00eds.<\/p>\n<p class=\"texto\">\u201cEn ese momento se decide junto a un grupo de organismos que conforman una red nacional, la creaci\u00f3n de un observatorio con sede en la FADECS, avalado por la Secretar\u00eda nacional y con el apoyo de la UNCo, que ha sido siempre central en su creaci\u00f3n\u201d, dijo la referente del Observatorio Ana Calafat. Se firm\u00f3 un acuerdo entre la Secretar\u00eda de DDHH de Naci\u00f3n y nuestra facultad y, adem\u00e1s, se fij\u00f3 que por dos a\u00f1os contar\u00eda con financiaci\u00f3n emanada del Programa de las Naciones Unidas para el Desarrollo (PNUD).<\/p>\n<p class=\"texto\"><strong>Primer Observatorio tem\u00e1tico<\/strong><\/p>\n<p class=\"texto\">Con los fondos del Programa y la colaboraci\u00f3n de las funcionarias de la Secretar\u00eda de DDHH Claudia Cesaroni y Ciro Annicchirico, se pudo dictar capacitaciones a las que asistieron el entonces Juez de la Corte Interamericana de Derechos Humanos Alirio Abreu Burelli, el Relator especializado en las condiciones de las personas privadas de libertad, y tambi\u00e9n los expertos brit\u00e1nicos del Centro Internacional de Estudios Penitenciarios Andrew Coyle y James Haines, adem\u00e1s de organizar cursos para formar a las personas que trabajaban el tema c\u00e1rceles en nuestra regi\u00f3n.<\/p>\n<p class=\"texto\">\u201cEl organismo rionegrino fue el primer Observatorio de car\u00e1cter tem\u00e1tico del pa\u00eds, y estar\u00eda dedicado de manera espec\u00edfica a las personas privadas de libertad. En este sentido, uno de los fines propuestos fue promover la creaci\u00f3n del Comit\u00e9 contra la Tortura, y as\u00ed poder cooperar para que el citado protocolo adicional de la Convenci\u00f3n se empezara a poner en marcha de un modo federal en el pa\u00eds\u201d, dijo.<\/p>\n<p class=\"texto\">Por otro lado, Silvia Horne, que hab\u00eda integrado el Observatorio, en su car\u00e1cter de Diputada Provincial present\u00f3 un proyecto de ley para la creaci\u00f3n del Comit\u00e9, al que se le realizaron cambios consensuados y que fue aprobado por la legislatura rionegrina. \u201cEn la implementaci\u00f3n surgieron algunas dificultades de funcionamiento que obligaron a introducir nuevas modificaciones en cuanto al car\u00e1cter mixto del comit\u00e9, a fin de lograr una nueva sanci\u00f3n por parte del cuerpo legislativo\u201d, dijo.<\/p>\n<p class=\"texto\"><strong>Ni\u00f1ez y adolescencia<\/strong><\/p>\n<p class=\"texto\">A los dos a\u00f1os, y con el aval de la Secretar\u00eda de DDHH de la Naci\u00f3n, ante las permanentes peticiones y demandas de la sociedad se fueron abriendo a otras tem\u00e1ticas importantes como, por ejemplo, la construcci\u00f3n de viviendas y el cese de los desalojos forzosos; una pr\u00e1ctica que para los organismos de DDHH, a nivel nacional e internacional, constituye una grave violaci\u00f3n de los mismos, en aquellos casos que no se ajustan a la ley y a lo que establecen los tratados internacionales.<\/p>\n<p class=\"texto\">En otro orden, a trav\u00e9s del observatorio de R\u00edo Negro se empez\u00f3 a formar el consejo de ni\u00f1ez y adolescencia, uno de los primeros que se conform\u00f3 en la provincia. Si bien hab\u00eda una normativa vigente a nivel local (Ordenanza 3308\/00 del Concejo Deliberante de la Municipalidad de General Roca), a\u00fan no se hab\u00eda ejecutado; al crearse en 2010 el Consejo de Ni\u00f1ez y Adolescencia (CONyA) de General Roca, result\u00f3 electo para presidir la Comisi\u00f3n Directiva el Licenciado Oscar Casanova, que en ese momento integraba el Observatorio. El organismo contin\u00faa con su accionar en forma aut\u00f3noma e interinstitucional, con el objetivo velar por el pleno goce y ejercicio de derechos, fomentando la activa participaci\u00f3n de la comunidad en la b\u00fasqueda de recursos y soluciones a los problemas que afectan al sector.<\/p>\n<p class=\"texto\">\u201cUno de los temas en los que se ha trabajado siempre en colaboraci\u00f3n con el CONyA es a trav\u00e9s de jornadas contra la baja de la edad de imputabilidad de los menores; hace muy poco tiempo se volvi\u00f3 a presentar un proyecto a nivel nacional que trataba de bajar la edad de 16 a 14 a\u00f1os. El Observatorio organiz\u00f3 con el Consejo distintos encuentros tendientes a que se tome conciencia de los efectos profundamente negativos que esto implicar\u00eda para el conjunto de la sociedad. Por eso, seguimos proponiendo que se instrumente la justicia restaurativa, que es una forma distinta de resolver los conflictos\u201d, dijo Calafat.<\/p>\n<p class=\"texto\">\u201cAdem\u00e1s de continuar con el inter\u00e9s por el trabajo en materia de vivienda, del que siempre recibimos pedidos, en estos meses de aislamiento debido a la pandemia de COVID-19, nos llegan planteos sobre violencia institucional para que actuemos frente a casos de abusos por parte de la polic\u00eda, ocurridos en algunos barrios de nuestra ciudad\u201d, agreg\u00f3.<\/p>\n<p class=\"texto\"><strong>Ampliaci\u00f3n a otras problem\u00e1ticas<\/strong><\/p>\n<p class=\"texto\">El Observatorio sigue trabajando para mejorar las condiciones de las c\u00e1rceles y que se cumpla con lo que han pedido los organismos internacionales de DDHH durante la pandemia. En ese marco, el 2 de junio pasado se realiz\u00f3 la primera charla del Ciclo \u201c15 a\u00f1os del Observatorio\u201d titulada \u201cPandemia y contextos de encierro\u201d, que fue emitida por las redes sociales del Observatorio.<\/p>\n<p class=\"texto\">\u201cEs un punto que nunca hemos abandonado y sobre el que estamos peticionando que, en aquellos lugares donde no hay comit\u00e9 contra la tortura, se permita que tengan las mismas atribuciones los organismos de DH existentes y preocupados por este aspecto en cada lugar. Esta es una actividad que se coordina con otros organismos hermanos de nivel provincial y nacional\u201d, dijo Calafat.<\/p>\n<p class=\"texto\">Un asunto que se comenz\u00f3 a abordar a partir de 2019 es el ambiental, la referente explic\u00f3 que se han sumado a las asambleas comunitarias y se est\u00e1n ocupando del problema de la provisi\u00f3n del servicio de agua potable y su vinculaci\u00f3n con el tema vivienda. Dado que a muchos barrios de Roca no llega la red, y que es una carencia que se repite en distintas ciudades, acompa\u00f1an a las vecinas y los vecinos que est\u00e1n sufriendo dicha situaci\u00f3n en esta \u00e9poca de pandemia.<\/p>\n<p class=\"texto\"><strong>Mantener viva la Memoria<\/strong><\/p>\n<p class=\"texto\">\u201cVamos tomando otros \u00edtems de acuerdo a las demandas que recibimos, as\u00ed, acompa\u00f1amos muchos reclamos de los pueblos originarios, la lucha por la aparici\u00f3n con vida de Santiago Maldonado, y m\u00faltiples reclamos de orden nacional. Durante muchos a\u00f1os hemos trabajado bastante en mantener la Memoria, concientizar sobre esta cuesti\u00f3n y, en ese sentido, hemos organizado charlas en establecimientos educativos, en donde hay que rescatar el trabajo de Alberto \u201cCacho\u201d Cacopardo, quien se ha puesto al frente en el armado de charlas en las escuelas y en el Instituto Terciario Docente\u201d, dijo Calafat.<\/p>\n<p class=\"texto\">La preservaci\u00f3n de la memoria, con charlas tem\u00e1ticas y con testimonios de protagonistas que han dejado por escrito sus vivencias, han permitido que el Observatorio junto a otras entidades de la ciudad hallan instalado como un emblema los actos recordatorios que se conmemoran todos los 24 de marzo.<br \/>\n\u201cPor \u00faltimo, dijo Calafat, acompa\u00f1amos todas las cuestiones de g\u00e9nero y en este momento contamos con la participaci\u00f3n de Jimena Haro, que es una abogada graduada de la Facultad de Derecho y Ciencias Sociales de la UNCo, como representante de nuestro Observatorio en el Consejo Local de las Mujeres Diversas\u201d.<\/p>\n<table border=\"0\" width=\"800\" cellpadding=\"5\">\n<tbody>\n<tr>\n<td style=\"background-color: #42929d; color: #fff;\">\u201cLos logros del Observatorio de DDHH de R\u00edo Negro en las c\u00e1rceles son muy relativos. Es imprescindible que se ponga en marcha el Comit\u00e9 contra la Tortura para su erradicaci\u00f3n definitiva, y que haya condiciones menos punitivas y m\u00e1s criterios de respeto hacia las personas privadas de la libertad. Que se tome conciencia que el encierro no es una soluci\u00f3n, ni por s\u00ed solo reinserta a nadie en su comunidad, m\u00e1s bien aleja a la persona de los afectos que la comprometen para cambiar su conducta\u201d.<\/td>\n<\/tr>\n<\/tbody>\n<\/table>\n","protected":false},"excerpt":{"rendered":"<p>El origen del Observatorio de Derechos Humanos de R\u00edo Negro data de 2004 y se ubica en la Facultad de Derecho y Ciencias Sociales de la UNCo, en donde se dictaba la Especializaci\u00f3n en Derechos Humanos. El cuerpo docente estaba integrado, entre otros, por el Doctor Rodolfo Mattarolo que se desempe\u00f1aba como Subsecretario de Promoci\u00f3n [&hellip;]<\/p>\n","protected":false},"author":2,"featured_media":9991,"comment_status":"open","ping_status":"open","sticky":false,"template":"","format":"standard","meta":{"footnotes":""},"categories":[39,5],"tags":[],"class_list":["post-9990","post","type-post","status-publish","format-standard","has-post-thumbnail","hentry","category-39","category-notifadecs"],"_links":{"self":[{"href":"https:\/\/fadeweb.uncoma.edu.ar\/index.php\/wp-json\/wp\/v2\/posts\/9990","targetHints":{"allow":["GET"]}}],"collection":[{"href":"https:\/\/fadeweb.uncoma.edu.ar\/index.php\/wp-json\/wp\/v2\/posts"}],"about":[{"href":"https:\/\/fadeweb.uncoma.edu.ar\/index.php\/wp-json\/wp\/v2\/types\/post"}],"author":[{"embeddable":true,"href":"https:\/\/fadeweb.uncoma.edu.ar\/index.php\/wp-json\/wp\/v2\/users\/2"}],"replies":[{"embeddable":true,"href":"https:\/\/fadeweb.uncoma.edu.ar\/index.php\/wp-json\/wp\/v2\/comments?post=9990"}],"version-history":[{"count":4,"href":"https:\/\/fadeweb.uncoma.edu.ar\/index.php\/wp-json\/wp\/v2\/posts\/9990\/revisions"}],"predecessor-version":[{"id":9995,"href":"https:\/\/fadeweb.uncoma.edu.ar\/index.php\/wp-json\/wp\/v2\/posts\/9990\/revisions\/9995"}],"wp:featuredmedia":[{"embeddable":true,"href":"https:\/\/fadeweb.uncoma.edu.ar\/index.php\/wp-json\/wp\/v2\/media\/9991"}],"wp:attachment":[{"href":"https:\/\/fadeweb.uncoma.edu.ar\/index.php\/wp-json\/wp\/v2\/media?parent=9990"}],"wp:term":[{"taxonomy":"category","embeddable":true,"href":"https:\/\/fadeweb.uncoma.edu.ar\/index.php\/wp-json\/wp\/v2\/categories?post=9990"},{"taxonomy":"post_tag","embeddable":true,"href":"https:\/\/fadeweb.uncoma.edu.ar\/index.php\/wp-json\/wp\/v2\/tags?post=9990"}],"curies":[{"name":"wp","href":"https:\/\/api.w.org\/{rel}","templated":true}]}}