{"id":9725,"date":"2020-06-24T08:24:03","date_gmt":"2020-06-24T11:24:03","guid":{"rendered":"http:\/\/170.210.81.106\/newfade\/?p=9725"},"modified":"2022-11-03T08:25:07","modified_gmt":"2022-11-03T11:25:07","slug":"vulnerabilidades","status":"publish","type":"post","link":"https:\/\/fadeweb.uncoma.edu.ar\/index.php\/2020\/06\/24\/vulnerabilidades\/","title":{"rendered":"VULNERABILIDADES"},"content":{"rendered":"<h3 class=\"subt1\"><img fetchpriority=\"high\" decoding=\"async\" class=\"alignnone size-full wp-image-9726\" src=\"https:\/\/fadeweb.uncoma.edu.ar\/wp-content\/uploads\/2022\/11\/Vulnerabilidades-Univ-Barrio.jpeg\" alt=\"\" width=\"800\" height=\"450\" srcset=\"https:\/\/fadeweb.uncoma.edu.ar\/wp-content\/uploads\/2022\/11\/Vulnerabilidades-Univ-Barrio.jpeg 800w, https:\/\/fadeweb.uncoma.edu.ar\/wp-content\/uploads\/2022\/11\/Vulnerabilidades-Univ-Barrio-300x169.jpeg 300w, https:\/\/fadeweb.uncoma.edu.ar\/wp-content\/uploads\/2022\/11\/Vulnerabilidades-Univ-Barrio-768x432.jpeg 768w\" sizes=\"(max-width: 800px) 100vw, 800px\" \/><br \/>\nLA UNIVERSIDAD EN EL BARRIO TIENE SU PRESENTACI\u00d3N DE PROYECTOS EN FORMATO DIGITAL<\/h3>\n<p class=\"texto\">Se realiz\u00f3 la presentaci\u00f3n y capacitaci\u00f3n del m\u00f3dulo de carga y seguimiento de proyectos de Extensi\u00f3n en formato digital, como una herramienta de la pol\u00edtica y la praxis territorial de la Universidad Nacional del Comahue, con la participaci\u00f3n de unas 75 personas entre secretarios y secretar\u00edas, directores, codirectores y formuladores de proyectos, que super\u00f3 todas las expectativas.<\/p>\n<p class=\"texto\">Se desarroll\u00f3 una demostraci\u00f3n del nuevo m\u00f3dulo mocov\u00ed-extensi\u00f3n y luego se abri\u00f3 un espacio de consulta sobre el funcionamiento de la herramienta. Ya se encuentra en funcionamiento y se la utilizar\u00e1 para la carga de los proyectos de la convocatoria Universidad P\u00fablica en el Barrio, cuyo cierre fue prorrogado al 30 de agosto. Esta iniciativa se llev\u00f3 adelante en t\u00e9rminos de la acci\u00f3n sist\u00e9mica, conjunta interdisciplinar e interclaustros, pero tambi\u00e9n en t\u00e9rminos de apertura y horizontalidad de la informaci\u00f3n de esas acciones y de la participaci\u00f3n de las comunidades de las dos provincias.<\/p>\n<p class=\"texto\">Es fruto del trabajo de poco m\u00e1s de un a\u00f1o del Consejo de Extensi\u00f3n, en conjunto con personal de la Secretar\u00eda de Extensi\u00f3n Universitaria, y tuvieron a cargo la programaci\u00f3n dos alumnos avanzados de la Facultad de Inform\u00e1tica, Karen Flores y Germ\u00e1n Kiessling, que fueron dirigidos por el licenciado Pablo Kogan.<\/p>\n<p class=\"texto\">Sobre la convocatoria de Universidad P\u00fablica en el Barrio, el secretario de Extensi\u00f3n Universitaria, Mg. Gustavo Ferreyra sostuvo que se espera que \u201cse presenten iniciativas lo m\u00e1s unitarias posibles dentro de las unidades acad\u00e9micas, siempre atendiendo las bases y condiciones de la convocatoria, siempre bajo el paraguas de \u2018vulnerabilidades\u2019, que emerjan de la presentaci\u00f3n todas las vulnerabilidades de la Norpatagonia, de nuestras provincias de R\u00edo Negro y Neuqu\u00e9n, que esas vulnerabilidades tengan herramientas que nos permitan actuar sist\u00e9micamente de la cordillera al mar, desde las grandes urbes a las zonas rurales, y que sean menos vulnerables esas vulnerabilidades\u201d.<\/p>\n<p class=\"texto\">A partir de esta convocatoria, se incorpora una herramienta de transparencia en la informaci\u00f3n, porque todos pueden acceder y verificar las distintas instancias de cada proyecto, adem\u00e1s de horizontalizar la Extensi\u00f3n, porque se incorpora a los destinatarios de los proyectos dentro de su formulaci\u00f3n. Tambi\u00e9n se incorporan mecanismos para que sean las unidades acad\u00e9micas las que definan las \u2018vulnerabilidades\u2019 de sus comunidades a abordar, a partir de su plan institucional, y de ah\u00ed establecer un orden prioridades. No queda librado a la voluntad individual de un docente o un equipo de extensi\u00f3n a la hora de formular un proyecto, sino que forma parte de un orden sist\u00e9mico de cada unidad acad\u00e9mica en primer lugar y de la Universidad en su conjunto.<\/p>\n<p class=\"texto\">Finalmente se refiri\u00f3 a uno de los temas de fondo, que es la reforma de la ordenanza que regula los proyectos de Extensi\u00f3n. \u201cNos hemos propuesto para este a\u00f1o terminar con un ciclo de la ordenanza 075 de proyectos de Extensi\u00f3n y darle paso a una ordenanza distinta, que tenga una mirada m\u00e1s actual, la ordenanza vigente es del a\u00f1o \u201994, m\u00e1s amplia y m\u00e1s profunda de la Extensi\u00f3n universitaria, que incorpore las figuras de los programas, y que lo haga con la suficiente sistematicidad para que todos seamos parte del mismo coraz\u00f3n y cerebro de la Universidad Nacional del Comahue, y de la regi\u00f3n como una unidad, no nuestra vereda, nuestro pueblo, nuestro barrio, sino sentirnos parte de una regi\u00f3n\u201d, afirm\u00f3 Ferreyra.<\/p>\n","protected":false},"excerpt":{"rendered":"<p>LA UNIVERSIDAD EN EL BARRIO TIENE SU PRESENTACI\u00d3N DE PROYECTOS EN FORMATO DIGITAL Se realiz\u00f3 la presentaci\u00f3n y capacitaci\u00f3n del m\u00f3dulo de carga y seguimiento de proyectos de Extensi\u00f3n en formato digital, como una herramienta de la pol\u00edtica y la praxis territorial de la Universidad Nacional del Comahue, con la participaci\u00f3n de unas 75 personas [&hellip;]<\/p>\n","protected":false},"author":2,"featured_media":9726,"comment_status":"open","ping_status":"open","sticky":false,"template":"","format":"standard","meta":{"footnotes":""},"categories":[39,5],"tags":[],"class_list":["post-9725","post","type-post","status-publish","format-standard","has-post-thumbnail","hentry","category-39","category-notifadecs"],"_links":{"self":[{"href":"https:\/\/fadeweb.uncoma.edu.ar\/index.php\/wp-json\/wp\/v2\/posts\/9725","targetHints":{"allow":["GET"]}}],"collection":[{"href":"https:\/\/fadeweb.uncoma.edu.ar\/index.php\/wp-json\/wp\/v2\/posts"}],"about":[{"href":"https:\/\/fadeweb.uncoma.edu.ar\/index.php\/wp-json\/wp\/v2\/types\/post"}],"author":[{"embeddable":true,"href":"https:\/\/fadeweb.uncoma.edu.ar\/index.php\/wp-json\/wp\/v2\/users\/2"}],"replies":[{"embeddable":true,"href":"https:\/\/fadeweb.uncoma.edu.ar\/index.php\/wp-json\/wp\/v2\/comments?post=9725"}],"version-history":[{"count":1,"href":"https:\/\/fadeweb.uncoma.edu.ar\/index.php\/wp-json\/wp\/v2\/posts\/9725\/revisions"}],"predecessor-version":[{"id":9727,"href":"https:\/\/fadeweb.uncoma.edu.ar\/index.php\/wp-json\/wp\/v2\/posts\/9725\/revisions\/9727"}],"wp:featuredmedia":[{"embeddable":true,"href":"https:\/\/fadeweb.uncoma.edu.ar\/index.php\/wp-json\/wp\/v2\/media\/9726"}],"wp:attachment":[{"href":"https:\/\/fadeweb.uncoma.edu.ar\/index.php\/wp-json\/wp\/v2\/media?parent=9725"}],"wp:term":[{"taxonomy":"category","embeddable":true,"href":"https:\/\/fadeweb.uncoma.edu.ar\/index.php\/wp-json\/wp\/v2\/categories?post=9725"},{"taxonomy":"post_tag","embeddable":true,"href":"https:\/\/fadeweb.uncoma.edu.ar\/index.php\/wp-json\/wp\/v2\/tags?post=9725"}],"curies":[{"name":"wp","href":"https:\/\/api.w.org\/{rel}","templated":true}]}}