{"id":9622,"date":"2020-07-27T12:52:09","date_gmt":"2020-07-27T15:52:09","guid":{"rendered":"http:\/\/170.210.81.106\/newfade\/?p=9622"},"modified":"2022-11-08T11:00:37","modified_gmt":"2022-11-08T14:00:37","slug":"curso-community-management-avanzado-gestion-de-campanas-creativas-en-redes-sociales","status":"publish","type":"post","link":"https:\/\/fadeweb.uncoma.edu.ar\/index.php\/2020\/07\/27\/curso-community-management-avanzado-gestion-de-campanas-creativas-en-redes-sociales\/","title":{"rendered":"CURSO \u201cCOMMUNITY MANAGEMENT AVANZADO: GESTI\u00d3N DE CAMPA\u00d1AS CREATIVAS EN REDES SOCIALES\u201d"},"content":{"rendered":"<p class=\"subt1\"><img fetchpriority=\"high\" decoding=\"async\" class=\"alignnone size-large wp-image-9623\" src=\"https:\/\/fadeweb.uncoma.edu.ar\/wp-content\/uploads\/2022\/11\/cma-1024x683.jpg\" alt=\"\" width=\"800\" height=\"534\" srcset=\"https:\/\/fadeweb.uncoma.edu.ar\/wp-content\/uploads\/2022\/11\/cma-1024x683.jpg 1024w, https:\/\/fadeweb.uncoma.edu.ar\/wp-content\/uploads\/2022\/11\/cma-300x200.jpg 300w, https:\/\/fadeweb.uncoma.edu.ar\/wp-content\/uploads\/2022\/11\/cma-768x512.jpg 768w, https:\/\/fadeweb.uncoma.edu.ar\/wp-content\/uploads\/2022\/11\/cma-1536x1024.jpg 1536w, https:\/\/fadeweb.uncoma.edu.ar\/wp-content\/uploads\/2022\/11\/cma.jpg 1920w\" sizes=\"(max-width: 800px) 100vw, 800px\" \/><\/p>\n<p class=\"texto\">La Secretar\u00eda de Extensi\u00f3n de la FADECS-UNCo invita a toda la comunidad a participar del Curso \u201cCommunity Management avanzado: gesti\u00f3n de campa\u00f1as creativas en Redes Sociales\u201d, a cargo de la Lic. Sof\u00eda Alicio. El mismo est\u00e1 destinado a profesionales de la Comunicaci\u00f3n y el Marketing, estudiantes de grado de carreras afines y p\u00fablico general. El curso cuenta con aval institucional de nuestra casa de estudios (Res. N\u00b0 0152\/2020).<\/p>\n<p class=\"texto\">El dictado se llevar\u00e1 a cabo por la plataforma zoom, en cuatro encuentros de dos horas y media de cada uno, en las siguientes fechas: mi\u00e9rcoles 5, 12, 19, y 26 de agosto del corriente, de 18 a 20:30.<\/p>\n<p class=\"texto\"><strong>Contenidos<\/strong><br \/>\nEsta actividad tiene como objetivo profundizar la profesionalizaci\u00f3n de las\/os actores sociales en su ejercicio como Gestoras\/es de Redes Sociales en \u00e1mbitos privados, organizaciones sin fines de lucro y en emprendimientos locales. El curso ser\u00e1 la continuaci\u00f3n del realizado anteriormente: \u201cEl ABC del Community Manager\u201d, donde se invitar\u00e1 a los asistentes a profundizar y adquirir nuevas herramientas para insertarse en el campo del profesional de la comunicaci\u00f3n digital y de la producci\u00f3n de contenidos para redes sociales.<\/p>\n<p class=\"texto\"><strong>Becas<\/strong><br \/>\nHay 10 becas para estudiantes que deben presentar su rendimiento acad\u00e9mico a la secretar\u00eda v\u00eda correo electr\u00f3nico a inscripciones.extensionfadecs@gmail.com.<br \/>\nLas\/los becarias\/os tienen que ser estudiantes avanzados en la carrera y haber hecho el curso anterior (\u00abEl ABC del Community Manager\u00bb).<\/p>\n<p class=\"texto\">Las inscripciones de las\/los aspirantes a becarias\/os del curso se tomar\u00e1n del 13 al 24 de julio del corriente.<\/p>\n<p class=\"texto\"><strong>Inscripci\u00f3n<\/strong><br \/>\nLas inscripciones y el pago se efect\u00faa en forma electr\u00f3nica, mediante el correo electr\u00f3nico inscripciones.extensionfadecs@gmail.com . Al inscribirse, las\/los interesadas\/os deben consignar nombre, apellido, correo electr\u00f3nico y tel\u00e9fono. Las inscripciones se tomar\u00e1n hasta el lunes 3 de agosto a las 12.<\/p>\n<p class=\"texto\">El costo del curso es de $1.500. El cupo m\u00ednimo es de 35 personas.<\/p>\n<p class=\"texto\">Hecho el pago, tienen que enviar el comprobante al mail de inscripciones.<\/p>\n<p class=\"texto\"><strong>Importante: El d\u00eda del Curso se les enviar\u00e1 el link de ingreso a la reuni\u00f3n en zoom.<\/strong><\/p>\n","protected":false},"excerpt":{"rendered":"<p>La Secretar\u00eda de Extensi\u00f3n de la FADECS-UNCo invita a toda la comunidad a participar del Curso \u201cCommunity Management avanzado: gesti\u00f3n de campa\u00f1as creativas en Redes Sociales\u201d, a cargo de la Lic. Sof\u00eda Alicio. El mismo est\u00e1 destinado a profesionales de la Comunicaci\u00f3n y el Marketing, estudiantes de grado de carreras afines y p\u00fablico general. El [&hellip;]<\/p>\n","protected":false},"author":2,"featured_media":9623,"comment_status":"open","ping_status":"open","sticky":false,"template":"","format":"standard","meta":{"footnotes":""},"categories":[39,68,5],"tags":[],"class_list":["post-9622","post","type-post","status-publish","format-standard","has-post-thumbnail","hentry","category-39","category-diplomatura-community-manager","category-notifadecs"],"_links":{"self":[{"href":"https:\/\/fadeweb.uncoma.edu.ar\/index.php\/wp-json\/wp\/v2\/posts\/9622","targetHints":{"allow":["GET"]}}],"collection":[{"href":"https:\/\/fadeweb.uncoma.edu.ar\/index.php\/wp-json\/wp\/v2\/posts"}],"about":[{"href":"https:\/\/fadeweb.uncoma.edu.ar\/index.php\/wp-json\/wp\/v2\/types\/post"}],"author":[{"embeddable":true,"href":"https:\/\/fadeweb.uncoma.edu.ar\/index.php\/wp-json\/wp\/v2\/users\/2"}],"replies":[{"embeddable":true,"href":"https:\/\/fadeweb.uncoma.edu.ar\/index.php\/wp-json\/wp\/v2\/comments?post=9622"}],"version-history":[{"count":1,"href":"https:\/\/fadeweb.uncoma.edu.ar\/index.php\/wp-json\/wp\/v2\/posts\/9622\/revisions"}],"predecessor-version":[{"id":9624,"href":"https:\/\/fadeweb.uncoma.edu.ar\/index.php\/wp-json\/wp\/v2\/posts\/9622\/revisions\/9624"}],"wp:featuredmedia":[{"embeddable":true,"href":"https:\/\/fadeweb.uncoma.edu.ar\/index.php\/wp-json\/wp\/v2\/media\/9623"}],"wp:attachment":[{"href":"https:\/\/fadeweb.uncoma.edu.ar\/index.php\/wp-json\/wp\/v2\/media?parent=9622"}],"wp:term":[{"taxonomy":"category","embeddable":true,"href":"https:\/\/fadeweb.uncoma.edu.ar\/index.php\/wp-json\/wp\/v2\/categories?post=9622"},{"taxonomy":"post_tag","embeddable":true,"href":"https:\/\/fadeweb.uncoma.edu.ar\/index.php\/wp-json\/wp\/v2\/tags?post=9622"}],"curies":[{"name":"wp","href":"https:\/\/api.w.org\/{rel}","templated":true}]}}