{"id":9616,"date":"2020-07-29T12:50:00","date_gmt":"2020-07-29T15:50:00","guid":{"rendered":"http:\/\/170.210.81.106\/newfade\/?p=9616"},"modified":"2022-11-02T12:50:36","modified_gmt":"2022-11-02T15:50:36","slug":"seminario-fortaleciendo-capacidades-sexto-encuentro","status":"publish","type":"post","link":"https:\/\/fadeweb.uncoma.edu.ar\/index.php\/2020\/07\/29\/seminario-fortaleciendo-capacidades-sexto-encuentro\/","title":{"rendered":"SEMINARIO FORTALECIENDO CAPACIDADES SEXTO ENCUENTRO"},"content":{"rendered":"<p class=\"texto\"><img fetchpriority=\"high\" decoding=\"async\" class=\"alignnone size-full wp-image-9617\" src=\"https:\/\/fadeweb.uncoma.edu.ar\/wp-content\/uploads\/2022\/11\/fc-fortaleciendo4.jpeg\" alt=\"\" width=\"768\" height=\"960\" srcset=\"https:\/\/fadeweb.uncoma.edu.ar\/wp-content\/uploads\/2022\/11\/fc-fortaleciendo4.jpeg 768w, https:\/\/fadeweb.uncoma.edu.ar\/wp-content\/uploads\/2022\/11\/fc-fortaleciendo4-240x300.jpeg 240w\" sizes=\"(max-width: 768px) 100vw, 768px\" \/><\/p>\n<p>La Secretar\u00eda de Extensi\u00f3n de la FADECS-UNCo recuerda que el viernes 31 de julio, a las 20, a trav\u00e9s de la plataforma Zoom, se realizar\u00e1 el sexto encuentro del Seminario Fortaleciendo Capacidades. El m\u00f3dulo 2 Herramientas jur\u00eddicas para el abordaje de situaciones complejas, tendr\u00e1 como disertante al abogado Claudio Marcelo Alderete,\u00a0Defensor Oficial, integrante del \u00d3rgano de Revisi\u00f3n en Salud Mental de la provincia de Neuqu\u00e9n, Profesor adjunto regular del Asentamiento Universitario Zapala de la UNCo.<\/p>\n<p>El Seminario cuenta con Aval Institucional de la FADECS-UNCo (Resoluci\u00f3n N\u00b0 138\/2020). El cursado es gratuito, y la modalidad es en l\u00ednea (Zoom) y de periodicidad semanal.<\/p>\n<p>Inscripciones:\u00a0<a href=\"https:\/\/mindesarrolloytrabajo.neuquen.gob.ar\/subsecretaria-de-familia-familia\/?fbclid=IwAR2G4iMBB_wQVnJfAqoPdt0d51Cs57wPljAsk_tkMtx3ElWDRvllnuCc31Y\" target=\"_blank\" rel=\"noopener\">https:\/\/mindesarrolloytrabajo.neuquen.gob.ar\/subsecretaria-de-familia-familia\/<\/a><\/p>\n","protected":false},"excerpt":{"rendered":"<p>La Secretar\u00eda de Extensi\u00f3n de la FADECS-UNCo recuerda que el viernes 31 de julio, a las 20, a trav\u00e9s de la plataforma Zoom, se realizar\u00e1 el sexto encuentro del Seminario Fortaleciendo Capacidades. El m\u00f3dulo 2 Herramientas jur\u00eddicas para el abordaje de situaciones complejas, tendr\u00e1 como disertante al abogado Claudio Marcelo Alderete,\u00a0Defensor Oficial, integrante del \u00d3rgano [&hellip;]<\/p>\n","protected":false},"author":2,"featured_media":9617,"comment_status":"open","ping_status":"open","sticky":false,"template":"","format":"standard","meta":{"footnotes":""},"categories":[39,5],"tags":[],"class_list":["post-9616","post","type-post","status-publish","format-standard","has-post-thumbnail","hentry","category-39","category-notifadecs"],"_links":{"self":[{"href":"https:\/\/fadeweb.uncoma.edu.ar\/index.php\/wp-json\/wp\/v2\/posts\/9616","targetHints":{"allow":["GET"]}}],"collection":[{"href":"https:\/\/fadeweb.uncoma.edu.ar\/index.php\/wp-json\/wp\/v2\/posts"}],"about":[{"href":"https:\/\/fadeweb.uncoma.edu.ar\/index.php\/wp-json\/wp\/v2\/types\/post"}],"author":[{"embeddable":true,"href":"https:\/\/fadeweb.uncoma.edu.ar\/index.php\/wp-json\/wp\/v2\/users\/2"}],"replies":[{"embeddable":true,"href":"https:\/\/fadeweb.uncoma.edu.ar\/index.php\/wp-json\/wp\/v2\/comments?post=9616"}],"version-history":[{"count":1,"href":"https:\/\/fadeweb.uncoma.edu.ar\/index.php\/wp-json\/wp\/v2\/posts\/9616\/revisions"}],"predecessor-version":[{"id":9618,"href":"https:\/\/fadeweb.uncoma.edu.ar\/index.php\/wp-json\/wp\/v2\/posts\/9616\/revisions\/9618"}],"wp:featuredmedia":[{"embeddable":true,"href":"https:\/\/fadeweb.uncoma.edu.ar\/index.php\/wp-json\/wp\/v2\/media\/9617"}],"wp:attachment":[{"href":"https:\/\/fadeweb.uncoma.edu.ar\/index.php\/wp-json\/wp\/v2\/media?parent=9616"}],"wp:term":[{"taxonomy":"category","embeddable":true,"href":"https:\/\/fadeweb.uncoma.edu.ar\/index.php\/wp-json\/wp\/v2\/categories?post=9616"},{"taxonomy":"post_tag","embeddable":true,"href":"https:\/\/fadeweb.uncoma.edu.ar\/index.php\/wp-json\/wp\/v2\/tags?post=9616"}],"curies":[{"name":"wp","href":"https:\/\/api.w.org\/{rel}","templated":true}]}}