{"id":9610,"date":"2020-07-29T12:47:46","date_gmt":"2020-07-29T15:47:46","guid":{"rendered":"http:\/\/170.210.81.106\/newfade\/?p=9610"},"modified":"2022-11-02T12:49:00","modified_gmt":"2022-11-02T15:49:00","slug":"protocolo-de-examenes-finales-en-modalidad-virtual","status":"publish","type":"post","link":"https:\/\/fadeweb.uncoma.edu.ar\/index.php\/2020\/07\/29\/protocolo-de-examenes-finales-en-modalidad-virtual\/","title":{"rendered":"PROTOCOLO DE EX\u00c1MENES FINALES EN MODALIDAD VIRTUAL"},"content":{"rendered":"<p class=\"subt1\"><img fetchpriority=\"high\" decoding=\"async\" class=\"alignnone size-full wp-image-8640\" src=\"https:\/\/fadeweb.uncoma.edu.ar\/wp-content\/uploads\/2022\/10\/academica800.jpg\" alt=\"\" width=\"800\" height=\"222\" srcset=\"https:\/\/fadeweb.uncoma.edu.ar\/wp-content\/uploads\/2022\/10\/academica800.jpg 800w, https:\/\/fadeweb.uncoma.edu.ar\/wp-content\/uploads\/2022\/10\/academica800-300x83.jpg 300w, https:\/\/fadeweb.uncoma.edu.ar\/wp-content\/uploads\/2022\/10\/academica800-768x213.jpg 768w\" sizes=\"(max-width: 800px) 100vw, 800px\" \/><\/p>\n<p class=\"texto\">La Secretar\u00eda Acad\u00e9mica informa a los\/as estudiantes que por Resoluci\u00f3n N\u00ba 155\/2020 se aprob\u00f3 el \u00abProtocolo de Ex\u00e1menes Finales en Modalidad Virtual\u00bb, que regir\u00e1 para los turnos de ex\u00e1menes correspondientes a los meses de Julio\/Agosto.<\/p>\n<p>Asimismo, se informa que en los pr\u00f3ximos d\u00edas ser\u00e1n publicadas las fechas de examen de las asignaturas que tomar\u00e1n ex\u00e1menes en el contexto de la virtualidad.\u00bb<\/p>\n<p class=\"texto\"><a href=\"https:\/\/fadeweb.uncoma.edu.ar\/wp-content\/uploads\/2022\/11\/Resolucion-155-protocolo-finales-1.pdf\">Resoluci\u00f3n N\u00ba 155\/2020<\/a><\/p>\n","protected":false},"excerpt":{"rendered":"<p>La Secretar\u00eda Acad\u00e9mica informa a los\/as estudiantes que por Resoluci\u00f3n N\u00ba 155\/2020 se aprob\u00f3 el \u00abProtocolo de Ex\u00e1menes Finales en Modalidad Virtual\u00bb, que regir\u00e1 para los turnos de ex\u00e1menes correspondientes a los meses de Julio\/Agosto. Asimismo, se informa que en los pr\u00f3ximos d\u00edas ser\u00e1n publicadas las fechas de examen de las asignaturas que tomar\u00e1n ex\u00e1menes [&hellip;]<\/p>\n","protected":false},"author":2,"featured_media":8640,"comment_status":"open","ping_status":"open","sticky":false,"template":"","format":"standard","meta":{"footnotes":""},"categories":[39,5],"tags":[],"class_list":["post-9610","post","type-post","status-publish","format-standard","has-post-thumbnail","hentry","category-39","category-notifadecs"],"_links":{"self":[{"href":"https:\/\/fadeweb.uncoma.edu.ar\/index.php\/wp-json\/wp\/v2\/posts\/9610","targetHints":{"allow":["GET"]}}],"collection":[{"href":"https:\/\/fadeweb.uncoma.edu.ar\/index.php\/wp-json\/wp\/v2\/posts"}],"about":[{"href":"https:\/\/fadeweb.uncoma.edu.ar\/index.php\/wp-json\/wp\/v2\/types\/post"}],"author":[{"embeddable":true,"href":"https:\/\/fadeweb.uncoma.edu.ar\/index.php\/wp-json\/wp\/v2\/users\/2"}],"replies":[{"embeddable":true,"href":"https:\/\/fadeweb.uncoma.edu.ar\/index.php\/wp-json\/wp\/v2\/comments?post=9610"}],"version-history":[{"count":1,"href":"https:\/\/fadeweb.uncoma.edu.ar\/index.php\/wp-json\/wp\/v2\/posts\/9610\/revisions"}],"predecessor-version":[{"id":9612,"href":"https:\/\/fadeweb.uncoma.edu.ar\/index.php\/wp-json\/wp\/v2\/posts\/9610\/revisions\/9612"}],"wp:featuredmedia":[{"embeddable":true,"href":"https:\/\/fadeweb.uncoma.edu.ar\/index.php\/wp-json\/wp\/v2\/media\/8640"}],"wp:attachment":[{"href":"https:\/\/fadeweb.uncoma.edu.ar\/index.php\/wp-json\/wp\/v2\/media?parent=9610"}],"wp:term":[{"taxonomy":"category","embeddable":true,"href":"https:\/\/fadeweb.uncoma.edu.ar\/index.php\/wp-json\/wp\/v2\/categories?post=9610"},{"taxonomy":"post_tag","embeddable":true,"href":"https:\/\/fadeweb.uncoma.edu.ar\/index.php\/wp-json\/wp\/v2\/tags?post=9610"}],"curies":[{"name":"wp","href":"https:\/\/api.w.org\/{rel}","templated":true}]}}