{"id":9572,"date":"2020-08-03T13:29:56","date_gmt":"2020-08-03T16:29:56","guid":{"rendered":"http:\/\/170.210.81.106\/newfade\/?p=9572"},"modified":"2022-11-01T13:31:07","modified_gmt":"2022-11-01T16:31:07","slug":"seminario-fortaleciendo-capacidades-septimo-encuentro","status":"publish","type":"post","link":"https:\/\/fadeweb.uncoma.edu.ar\/index.php\/2020\/08\/03\/seminario-fortaleciendo-capacidades-septimo-encuentro\/","title":{"rendered":"SEMINARIO FORTALECIENDO CAPACIDADES S\u00c9PTIMO ENCUENTRO"},"content":{"rendered":"<p class=\"subt1\"><img fetchpriority=\"high\" decoding=\"async\" class=\"alignnone size-full wp-image-9573\" src=\"https:\/\/fadeweb.uncoma.edu.ar\/wp-content\/uploads\/2022\/11\/7-20200803.jpg\" alt=\"\" width=\"768\" height=\"960\" srcset=\"https:\/\/fadeweb.uncoma.edu.ar\/wp-content\/uploads\/2022\/11\/7-20200803.jpg 768w, https:\/\/fadeweb.uncoma.edu.ar\/wp-content\/uploads\/2022\/11\/7-20200803-240x300.jpg 240w\" sizes=\"(max-width: 768px) 100vw, 768px\" \/><\/p>\n<p class=\"texto\">La Secretar\u00eda de Extensi\u00f3n de la FADECS-UNCo recuerda que el viernes 7 de agosto, a las 20, a trav\u00e9s de la plataforma Zoom, se realizar\u00e1 el s\u00e9ptimo encuentro del Seminario Fortaleciendo Capacidades.<\/p>\n<p class=\"texto\">El tema del M\u00f3dulo 2 ser\u00e1 Salud\/Enfermedad mental -Ley 26657- y el \u00f3rgano de revisi\u00f3n salud mental y adicciones en la provincia de Neuqu\u00e9n, y tendr\u00e1 como disertante a la Secretaria Ejecutiva del \u00d3rgano de Revisi\u00f3n de Salud Mental y Adicciones del Neuqu\u00e9n, licenciada Ma. Eugenia Lizola, docente del Departamento de Servicio Social de la FADECS-UNCo, y equipo interdisciplinario del mencionado \u00d3rgano.<\/p>\n<p class=\"texto\">El Seminario cuenta con Aval Institucional de la FADECS-UNCo (Resoluci\u00f3n N\u00b0 138\/2020). El cursado es gratuito, y la modalidad es en l\u00ednea (Zoom) y de periodicidad semanal.<\/p>\n<p class=\"texto\">Consultas e inscripciones a fortaleciendoseminario@gmail.com<\/p>\n","protected":false},"excerpt":{"rendered":"<p>La Secretar\u00eda de Extensi\u00f3n de la FADECS-UNCo recuerda que el viernes 7 de agosto, a las 20, a trav\u00e9s de la plataforma Zoom, se realizar\u00e1 el s\u00e9ptimo encuentro del Seminario Fortaleciendo Capacidades. El tema del M\u00f3dulo 2 ser\u00e1 Salud\/Enfermedad mental -Ley 26657- y el \u00f3rgano de revisi\u00f3n salud mental y adicciones en la provincia de [&hellip;]<\/p>\n","protected":false},"author":2,"featured_media":9573,"comment_status":"open","ping_status":"open","sticky":false,"template":"","format":"standard","meta":{"footnotes":""},"categories":[39,5],"tags":[],"class_list":["post-9572","post","type-post","status-publish","format-standard","has-post-thumbnail","hentry","category-39","category-notifadecs"],"_links":{"self":[{"href":"https:\/\/fadeweb.uncoma.edu.ar\/index.php\/wp-json\/wp\/v2\/posts\/9572","targetHints":{"allow":["GET"]}}],"collection":[{"href":"https:\/\/fadeweb.uncoma.edu.ar\/index.php\/wp-json\/wp\/v2\/posts"}],"about":[{"href":"https:\/\/fadeweb.uncoma.edu.ar\/index.php\/wp-json\/wp\/v2\/types\/post"}],"author":[{"embeddable":true,"href":"https:\/\/fadeweb.uncoma.edu.ar\/index.php\/wp-json\/wp\/v2\/users\/2"}],"replies":[{"embeddable":true,"href":"https:\/\/fadeweb.uncoma.edu.ar\/index.php\/wp-json\/wp\/v2\/comments?post=9572"}],"version-history":[{"count":1,"href":"https:\/\/fadeweb.uncoma.edu.ar\/index.php\/wp-json\/wp\/v2\/posts\/9572\/revisions"}],"predecessor-version":[{"id":9574,"href":"https:\/\/fadeweb.uncoma.edu.ar\/index.php\/wp-json\/wp\/v2\/posts\/9572\/revisions\/9574"}],"wp:featuredmedia":[{"embeddable":true,"href":"https:\/\/fadeweb.uncoma.edu.ar\/index.php\/wp-json\/wp\/v2\/media\/9573"}],"wp:attachment":[{"href":"https:\/\/fadeweb.uncoma.edu.ar\/index.php\/wp-json\/wp\/v2\/media?parent=9572"}],"wp:term":[{"taxonomy":"category","embeddable":true,"href":"https:\/\/fadeweb.uncoma.edu.ar\/index.php\/wp-json\/wp\/v2\/categories?post=9572"},{"taxonomy":"post_tag","embeddable":true,"href":"https:\/\/fadeweb.uncoma.edu.ar\/index.php\/wp-json\/wp\/v2\/tags?post=9572"}],"curies":[{"name":"wp","href":"https:\/\/api.w.org\/{rel}","templated":true}]}}