{"id":9461,"date":"2022-11-01T11:30:36","date_gmt":"2022-11-01T14:30:36","guid":{"rendered":"http:\/\/170.210.81.106\/newfade\/?p=9461"},"modified":"2022-11-01T11:30:36","modified_gmt":"2022-11-01T14:30:36","slug":"charla-periodismo-de-voces-y-letras","status":"publish","type":"post","link":"https:\/\/fadeweb.uncoma.edu.ar\/index.php\/2022\/11\/01\/charla-periodismo-de-voces-y-letras\/","title":{"rendered":"CHARLA PERIODISMO, DE VOCES Y LETRAS"},"content":{"rendered":"<p><img fetchpriority=\"high\" decoding=\"async\" class=\"size-medium wp-image-9462 alignleft\" src=\"https:\/\/fadeweb.uncoma.edu.ar\/wp-content\/uploads\/2022\/11\/WhatsApp-Image-2022-10-31-at-19.16.13-300x300.jpeg\" alt=\"\" width=\"300\" height=\"300\" srcset=\"https:\/\/fadeweb.uncoma.edu.ar\/wp-content\/uploads\/2022\/11\/WhatsApp-Image-2022-10-31-at-19.16.13-300x300.jpeg 300w, https:\/\/fadeweb.uncoma.edu.ar\/wp-content\/uploads\/2022\/11\/WhatsApp-Image-2022-10-31-at-19.16.13-1024x1024.jpeg 1024w, https:\/\/fadeweb.uncoma.edu.ar\/wp-content\/uploads\/2022\/11\/WhatsApp-Image-2022-10-31-at-19.16.13-150x150.jpeg 150w, https:\/\/fadeweb.uncoma.edu.ar\/wp-content\/uploads\/2022\/11\/WhatsApp-Image-2022-10-31-at-19.16.13-768x768.jpeg 768w, https:\/\/fadeweb.uncoma.edu.ar\/wp-content\/uploads\/2022\/11\/WhatsApp-Image-2022-10-31-at-19.16.13.jpeg 1080w\" sizes=\"(max-width: 300px) 100vw, 300px\" \/><\/p>\n<div class=\"xdj266r x11i5rnm xat24cr x1mh8g0r x1vvkbs x126k92a\">\n<div dir=\"auto\">Las c\u00e1tedras de Redacci\u00f3n Period\u00edstica y Periodismo Radiof\u00f3nico de la Universidad Nacional del Comahue invitan a la Charla \u201cPeriodismo, de voces y letras\u201d, que se realizar\u00e1 el mi\u00e9rcoles 2 de noviembre, de 17 a 18, en el aula 13 de la Facultad de Derecho y Ciencias Sociales (calles Mendoza y Per\u00fa, Roca \u2013 Fiske).<\/div>\n<\/div>\n<div class=\"x11i5rnm xat24cr x1mh8g0r x1vvkbs xtlvy1s x126k92a\">\n<div dir=\"auto\">La actividad interc\u00e1tedras contar\u00e1 con la presencia de los periodistas Hugo Alonso (Diario R\u00edo Negro y CNN Radio \u2013 Roca) y Alberto Rivero (Diario LMNeuqu\u00e9n y LU5 Radio Neuqu\u00e9n), quienes hablar\u00e1n sobre el ejercicio profesional en la actualidad.<\/div>\n<\/div>\n<div class=\"x11i5rnm xat24cr x1mh8g0r x1vvkbs xtlvy1s x126k92a\">\n<div dir=\"auto\">La charla -libre y gratuita-, es abierta al estudiantado de Comunicaci\u00f3n Social y al resto de la comunidad.<\/div>\n<\/div>\n<div class=\"x11i5rnm xat24cr x1mh8g0r x1vvkbs xtlvy1s x126k92a\">\n<div dir=\"auto\">(C\u00e1tedras de Redacci\u00f3n Period\u00edstica y Periodismo Radiof\u00f3nico)<\/div>\n<\/div>\n","protected":false},"excerpt":{"rendered":"<p>Las c\u00e1tedras de Redacci\u00f3n Period\u00edstica y Periodismo Radiof\u00f3nico de la Universidad Nacional del Comahue invitan a la Charla \u201cPeriodismo, de voces y letras\u201d, que se realizar\u00e1 el mi\u00e9rcoles 2 de noviembre, de 17 a 18, en el aula 13 de la Facultad de Derecho y Ciencias Sociales (calles Mendoza y Per\u00fa, Roca \u2013 Fiske). La [&hellip;]<\/p>\n","protected":false},"author":3,"featured_media":9462,"comment_status":"open","ping_status":"open","sticky":false,"template":"","format":"standard","meta":{"footnotes":""},"categories":[59,5],"tags":[],"class_list":["post-9461","post","type-post","status-publish","format-standard","has-post-thumbnail","hentry","category-comunicacion","category-notifadecs"],"_links":{"self":[{"href":"https:\/\/fadeweb.uncoma.edu.ar\/index.php\/wp-json\/wp\/v2\/posts\/9461","targetHints":{"allow":["GET"]}}],"collection":[{"href":"https:\/\/fadeweb.uncoma.edu.ar\/index.php\/wp-json\/wp\/v2\/posts"}],"about":[{"href":"https:\/\/fadeweb.uncoma.edu.ar\/index.php\/wp-json\/wp\/v2\/types\/post"}],"author":[{"embeddable":true,"href":"https:\/\/fadeweb.uncoma.edu.ar\/index.php\/wp-json\/wp\/v2\/users\/3"}],"replies":[{"embeddable":true,"href":"https:\/\/fadeweb.uncoma.edu.ar\/index.php\/wp-json\/wp\/v2\/comments?post=9461"}],"version-history":[{"count":1,"href":"https:\/\/fadeweb.uncoma.edu.ar\/index.php\/wp-json\/wp\/v2\/posts\/9461\/revisions"}],"predecessor-version":[{"id":9463,"href":"https:\/\/fadeweb.uncoma.edu.ar\/index.php\/wp-json\/wp\/v2\/posts\/9461\/revisions\/9463"}],"wp:featuredmedia":[{"embeddable":true,"href":"https:\/\/fadeweb.uncoma.edu.ar\/index.php\/wp-json\/wp\/v2\/media\/9462"}],"wp:attachment":[{"href":"https:\/\/fadeweb.uncoma.edu.ar\/index.php\/wp-json\/wp\/v2\/media?parent=9461"}],"wp:term":[{"taxonomy":"category","embeddable":true,"href":"https:\/\/fadeweb.uncoma.edu.ar\/index.php\/wp-json\/wp\/v2\/categories?post=9461"},{"taxonomy":"post_tag","embeddable":true,"href":"https:\/\/fadeweb.uncoma.edu.ar\/index.php\/wp-json\/wp\/v2\/tags?post=9461"}],"curies":[{"name":"wp","href":"https:\/\/api.w.org\/{rel}","templated":true}]}}