{"id":9399,"date":"2022-11-01T09:50:19","date_gmt":"2022-11-01T12:50:19","guid":{"rendered":"http:\/\/170.210.81.106\/newfade\/?p=9399"},"modified":"2022-11-08T07:42:50","modified_gmt":"2022-11-08T10:42:50","slug":"acta-de-evaluacion-3","status":"publish","type":"post","link":"https:\/\/fadeweb.uncoma.edu.ar\/index.php\/2022\/11\/01\/acta-de-evaluacion-3\/","title":{"rendered":"ACTA DE EVALUACI\u00d3N"},"content":{"rendered":"<p><img fetchpriority=\"high\" decoding=\"async\" class=\"size-medium wp-image-9255 alignleft\" src=\"https:\/\/fadeweb.uncoma.edu.ar\/wp-content\/uploads\/2022\/10\/Concursos-FADECS-1-300x300.jpeg\" alt=\"\" width=\"300\" height=\"300\" srcset=\"https:\/\/fadeweb.uncoma.edu.ar\/wp-content\/uploads\/2022\/10\/Concursos-FADECS-1-300x300.jpeg 300w, https:\/\/fadeweb.uncoma.edu.ar\/wp-content\/uploads\/2022\/10\/Concursos-FADECS-1-150x150.jpeg 150w, https:\/\/fadeweb.uncoma.edu.ar\/wp-content\/uploads\/2022\/10\/Concursos-FADECS-1-768x768.jpeg 768w, https:\/\/fadeweb.uncoma.edu.ar\/wp-content\/uploads\/2022\/10\/Concursos-FADECS-1.jpeg 800w\" sizes=\"(max-width: 300px) 100vw, 300px\" \/><\/p>\n<div class=\"xdj266r x11i5rnm xat24cr x1mh8g0r x1vvkbs x126k92a\">\n<div dir=\"auto\">correspondiente al concurso aprobado por Res. N\u00ba 0423\/2022-Decano-FDCS y 0081\/2022-CD-FDCS, destinado a cubrir un (1) cargo de Profesor\/a Adjunto\/a Interino\/a con dedicaci\u00f3n Simple, para desempe\u00f1arse en el \u00c1rea: De los lenguajes, Orientaci\u00f3n: Lengua y Discurso, de la carrera de Comunicaci\u00f3n Social, perteneciente al Departamento de Ciencias de la Informaci\u00f3n y Comunicaci\u00f3n Social de esta Facultad de Derecho y Ciencias Sociales..<\/div>\n<\/div>\n<div class=\"x11i5rnm xat24cr x1mh8g0r x1vvkbs xtlvy1s x126k92a\">\n<div dir=\"auto\">DESCARGAR ACTA <a href=\"https:\/\/fadeweb.uncoma.edu.ar\/wp-content\/uploads\/2022\/11\/ACTA-DE-EVALUACION-Ar.De-los-lenguajes_Or-Lengua-y-Discurso-Res.423-22D.pdf\">ACTA DE EVALUACI\u00d3N-Ar.De los lenguajes_Or Lengua y Discurso-Res.423-22D<\/a><\/div>\n<\/div>\n","protected":false},"excerpt":{"rendered":"<p>correspondiente al concurso aprobado por Res. N\u00ba 0423\/2022-Decano-FDCS y 0081\/2022-CD-FDCS, destinado a cubrir un (1) cargo de Profesor\/a Adjunto\/a Interino\/a con dedicaci\u00f3n Simple, para desempe\u00f1arse en el \u00c1rea: De los lenguajes, Orientaci\u00f3n: Lengua y Discurso, de la carrera de Comunicaci\u00f3n Social, perteneciente al Departamento de Ciencias de la Informaci\u00f3n y Comunicaci\u00f3n Social de esta Facultad [&hellip;]<\/p>\n","protected":false},"author":3,"featured_media":9255,"comment_status":"open","ping_status":"open","sticky":false,"template":"","format":"standard","meta":{"footnotes":""},"categories":[3,5],"tags":[],"class_list":["post-9399","post","type-post","status-publish","format-standard","has-post-thumbnail","hentry","category-concursos","category-notifadecs"],"_links":{"self":[{"href":"https:\/\/fadeweb.uncoma.edu.ar\/index.php\/wp-json\/wp\/v2\/posts\/9399","targetHints":{"allow":["GET"]}}],"collection":[{"href":"https:\/\/fadeweb.uncoma.edu.ar\/index.php\/wp-json\/wp\/v2\/posts"}],"about":[{"href":"https:\/\/fadeweb.uncoma.edu.ar\/index.php\/wp-json\/wp\/v2\/types\/post"}],"author":[{"embeddable":true,"href":"https:\/\/fadeweb.uncoma.edu.ar\/index.php\/wp-json\/wp\/v2\/users\/3"}],"replies":[{"embeddable":true,"href":"https:\/\/fadeweb.uncoma.edu.ar\/index.php\/wp-json\/wp\/v2\/comments?post=9399"}],"version-history":[{"count":2,"href":"https:\/\/fadeweb.uncoma.edu.ar\/index.php\/wp-json\/wp\/v2\/posts\/9399\/revisions"}],"predecessor-version":[{"id":10160,"href":"https:\/\/fadeweb.uncoma.edu.ar\/index.php\/wp-json\/wp\/v2\/posts\/9399\/revisions\/10160"}],"wp:featuredmedia":[{"embeddable":true,"href":"https:\/\/fadeweb.uncoma.edu.ar\/index.php\/wp-json\/wp\/v2\/media\/9255"}],"wp:attachment":[{"href":"https:\/\/fadeweb.uncoma.edu.ar\/index.php\/wp-json\/wp\/v2\/media?parent=9399"}],"wp:term":[{"taxonomy":"category","embeddable":true,"href":"https:\/\/fadeweb.uncoma.edu.ar\/index.php\/wp-json\/wp\/v2\/categories?post=9399"},{"taxonomy":"post_tag","embeddable":true,"href":"https:\/\/fadeweb.uncoma.edu.ar\/index.php\/wp-json\/wp\/v2\/tags?post=9399"}],"curies":[{"name":"wp","href":"https:\/\/api.w.org\/{rel}","templated":true}]}}