{"id":9396,"date":"2022-11-01T09:43:02","date_gmt":"2022-11-01T12:43:02","guid":{"rendered":"http:\/\/170.210.81.106\/newfade\/?p=9396"},"modified":"2022-11-01T09:43:02","modified_gmt":"2022-11-01T12:43:02","slug":"el-adios-a-esteban-rodriguez","status":"publish","type":"post","link":"https:\/\/fadeweb.uncoma.edu.ar\/index.php\/2022\/11\/01\/el-adios-a-esteban-rodriguez\/","title":{"rendered":"EL ADI\u00d3S A ESTEBAN RODR\u00cdGUEZ"},"content":{"rendered":"<p><img fetchpriority=\"high\" decoding=\"async\" class=\"size-medium wp-image-9397 alignleft\" src=\"https:\/\/fadeweb.uncoma.edu.ar\/wp-content\/uploads\/2022\/11\/ER-300x300.jpg\" alt=\"\" width=\"300\" height=\"300\" srcset=\"https:\/\/fadeweb.uncoma.edu.ar\/wp-content\/uploads\/2022\/11\/ER-300x300.jpg 300w, https:\/\/fadeweb.uncoma.edu.ar\/wp-content\/uploads\/2022\/11\/ER-1024x1024.jpg 1024w, https:\/\/fadeweb.uncoma.edu.ar\/wp-content\/uploads\/2022\/11\/ER-150x150.jpg 150w, https:\/\/fadeweb.uncoma.edu.ar\/wp-content\/uploads\/2022\/11\/ER-768x768.jpg 768w, https:\/\/fadeweb.uncoma.edu.ar\/wp-content\/uploads\/2022\/11\/ER.jpg 1080w\" sizes=\"(max-width: 300px) 100vw, 300px\" \/><\/p>\n<p>El compa\u00f1ero Nodocente jubilado Esteban Rodr\u00edguez falleci\u00f3 el s\u00e1bado 29 de octubre, una noticia que conmovi\u00f3 a toda la comunidad universitaria de la FADECS. El impacto afectivo se vio reflejado en las sentidas palabras de quienes fueron sus compa\u00f1eros de trabajo, sin distinci\u00f3n de claustro ni de edades por cuanto, en sus a\u00f1os de labor, vio pasar a varias generaciones por su querida facultad.<\/p>\n<p>El sinsentido de la p\u00e9rdida se acent\u00faa por tratarse de \u00abuna persona muy deportista, que ve\u00eda las cosas con optimismo, siempre bien predispuesto y con una sonrisa, en resumen: un buen compa\u00f1ero\u00bb. En su rol de chofer dej\u00f3 una imagen de \u00abtotal seguridad\u00bb, para los pasajeros, pero tambi\u00e9n por lo cuidadoso que era con el parque automotor que se le confiaba.<\/p>\n<p>Los memoriosos lo recuerdan trasladando a equipos de investigaci\u00f3n a hacer los trabajos de campo, una actividad que llevaba a compartir largas jornadas entre Esteban y distintos grupos de profesores. \u00abEl mismo amor y compromiso que demostraba con sus compa\u00f1eros Nodocentes, un colectivo en el que siempre respet\u00f3 al otro, en especial a aquellos con cuyas posiciones circunstanciales no hab\u00eda coincidencias\u00bb.<\/p>\n<p>El papel de conductor no le impidi\u00f3 conocer a fondo cada una de las dependencias universitarias, en donde deb\u00eda entregar en tiempo y forma la documentaci\u00f3n de la que depend\u00edan tr\u00e1mites vitales de tipo administrativo o del personal de la FADECS. Tambi\u00e9n en este campo mantuvo su confiabilidad. El compa\u00f1erismo de adentro lo trasladaba al afuera, y cuando alguien ten\u00eda una dificultad personal, ah\u00ed, Esteban siempre ten\u00eda un \u00abs\u00ed\u00bb, con el que se pod\u00eda afrontar la situaci\u00f3n.<\/p>\n<p>La comunidad de la FADECS despide con un abrazo a esa persona que hizo de la escucha atenta, el gesto amable y el permanente acompa\u00f1amiento solidario para cada integrante de nuestro grupo humano, su forma de ser. Aunque has partido, nos dejaste el recuerdo del afecto sincero y las ganas de ayudar.<\/p>\n","protected":false},"excerpt":{"rendered":"<p>El compa\u00f1ero Nodocente jubilado Esteban Rodr\u00edguez falleci\u00f3 el s\u00e1bado 29 de octubre, una noticia que conmovi\u00f3 a toda la comunidad universitaria de la FADECS. El impacto afectivo se vio reflejado en las sentidas palabras de quienes fueron sus compa\u00f1eros de trabajo, sin distinci\u00f3n de claustro ni de edades por cuanto, en sus a\u00f1os de labor, [&hellip;]<\/p>\n","protected":false},"author":3,"featured_media":9397,"comment_status":"open","ping_status":"open","sticky":false,"template":"","format":"standard","meta":{"footnotes":""},"categories":[5,58],"tags":[],"class_list":["post-9396","post","type-post","status-publish","format-standard","has-post-thumbnail","hentry","category-notifadecs","category-obituarios"],"_links":{"self":[{"href":"https:\/\/fadeweb.uncoma.edu.ar\/index.php\/wp-json\/wp\/v2\/posts\/9396","targetHints":{"allow":["GET"]}}],"collection":[{"href":"https:\/\/fadeweb.uncoma.edu.ar\/index.php\/wp-json\/wp\/v2\/posts"}],"about":[{"href":"https:\/\/fadeweb.uncoma.edu.ar\/index.php\/wp-json\/wp\/v2\/types\/post"}],"author":[{"embeddable":true,"href":"https:\/\/fadeweb.uncoma.edu.ar\/index.php\/wp-json\/wp\/v2\/users\/3"}],"replies":[{"embeddable":true,"href":"https:\/\/fadeweb.uncoma.edu.ar\/index.php\/wp-json\/wp\/v2\/comments?post=9396"}],"version-history":[{"count":1,"href":"https:\/\/fadeweb.uncoma.edu.ar\/index.php\/wp-json\/wp\/v2\/posts\/9396\/revisions"}],"predecessor-version":[{"id":9398,"href":"https:\/\/fadeweb.uncoma.edu.ar\/index.php\/wp-json\/wp\/v2\/posts\/9396\/revisions\/9398"}],"wp:featuredmedia":[{"embeddable":true,"href":"https:\/\/fadeweb.uncoma.edu.ar\/index.php\/wp-json\/wp\/v2\/media\/9397"}],"wp:attachment":[{"href":"https:\/\/fadeweb.uncoma.edu.ar\/index.php\/wp-json\/wp\/v2\/media?parent=9396"}],"wp:term":[{"taxonomy":"category","embeddable":true,"href":"https:\/\/fadeweb.uncoma.edu.ar\/index.php\/wp-json\/wp\/v2\/categories?post=9396"},{"taxonomy":"post_tag","embeddable":true,"href":"https:\/\/fadeweb.uncoma.edu.ar\/index.php\/wp-json\/wp\/v2\/tags?post=9396"}],"curies":[{"name":"wp","href":"https:\/\/api.w.org\/{rel}","templated":true}]}}