{"id":9384,"date":"2022-11-01T09:40:20","date_gmt":"2022-11-01T12:40:20","guid":{"rendered":"http:\/\/170.210.81.106\/newfade\/?p=9384"},"modified":"2022-11-01T09:40:20","modified_gmt":"2022-11-01T12:40:20","slug":"la-fadecs-difundio-sus-carreras-en-la-feria-del-libro","status":"publish","type":"post","link":"https:\/\/fadeweb.uncoma.edu.ar\/index.php\/2022\/11\/01\/la-fadecs-difundio-sus-carreras-en-la-feria-del-libro\/","title":{"rendered":"LA FADECS DIFUNDI\u00d3 SUS CARRERAS EN LA FERIA DEL LIBRO"},"content":{"rendered":"<p><img fetchpriority=\"high\" decoding=\"async\" class=\"size-medium wp-image-9385 alignleft\" src=\"https:\/\/fadeweb.uncoma.edu.ar\/wp-content\/uploads\/2022\/11\/5taFeria-01-300x300.jpeg\" alt=\"\" width=\"300\" height=\"300\" srcset=\"https:\/\/fadeweb.uncoma.edu.ar\/wp-content\/uploads\/2022\/11\/5taFeria-01-300x300.jpeg 300w, https:\/\/fadeweb.uncoma.edu.ar\/wp-content\/uploads\/2022\/11\/5taFeria-01-150x150.jpeg 150w, https:\/\/fadeweb.uncoma.edu.ar\/wp-content\/uploads\/2022\/11\/5taFeria-01-768x768.jpeg 768w, https:\/\/fadeweb.uncoma.edu.ar\/wp-content\/uploads\/2022\/11\/5taFeria-01.jpeg 800w\" sizes=\"(max-width: 300px) 100vw, 300px\" \/> <img decoding=\"async\" class=\"size-medium wp-image-9386 alignleft\" src=\"https:\/\/fadeweb.uncoma.edu.ar\/wp-content\/uploads\/2022\/11\/5taFeria-02-300x300.jpeg\" alt=\"\" width=\"300\" height=\"300\" srcset=\"https:\/\/fadeweb.uncoma.edu.ar\/wp-content\/uploads\/2022\/11\/5taFeria-02-300x300.jpeg 300w, https:\/\/fadeweb.uncoma.edu.ar\/wp-content\/uploads\/2022\/11\/5taFeria-02-150x150.jpeg 150w, https:\/\/fadeweb.uncoma.edu.ar\/wp-content\/uploads\/2022\/11\/5taFeria-02-768x768.jpeg 768w, https:\/\/fadeweb.uncoma.edu.ar\/wp-content\/uploads\/2022\/11\/5taFeria-02.jpeg 800w\" sizes=\"(max-width: 300px) 100vw, 300px\" \/> <img decoding=\"async\" class=\"size-medium wp-image-9387 alignleft\" src=\"https:\/\/fadeweb.uncoma.edu.ar\/wp-content\/uploads\/2022\/11\/5taFeria-03-300x300.jpeg\" alt=\"\" width=\"300\" height=\"300\" srcset=\"https:\/\/fadeweb.uncoma.edu.ar\/wp-content\/uploads\/2022\/11\/5taFeria-03-300x300.jpeg 300w, https:\/\/fadeweb.uncoma.edu.ar\/wp-content\/uploads\/2022\/11\/5taFeria-03-150x150.jpeg 150w, https:\/\/fadeweb.uncoma.edu.ar\/wp-content\/uploads\/2022\/11\/5taFeria-03-768x768.jpeg 768w, https:\/\/fadeweb.uncoma.edu.ar\/wp-content\/uploads\/2022\/11\/5taFeria-03.jpeg 800w\" sizes=\"(max-width: 300px) 100vw, 300px\" \/> <img loading=\"lazy\" decoding=\"async\" class=\"size-medium wp-image-9388 alignleft\" src=\"https:\/\/fadeweb.uncoma.edu.ar\/wp-content\/uploads\/2022\/11\/5taFeria-04-300x300.jpeg\" alt=\"\" width=\"300\" height=\"300\" srcset=\"https:\/\/fadeweb.uncoma.edu.ar\/wp-content\/uploads\/2022\/11\/5taFeria-04-300x300.jpeg 300w, https:\/\/fadeweb.uncoma.edu.ar\/wp-content\/uploads\/2022\/11\/5taFeria-04-150x150.jpeg 150w, https:\/\/fadeweb.uncoma.edu.ar\/wp-content\/uploads\/2022\/11\/5taFeria-04-768x768.jpeg 768w, https:\/\/fadeweb.uncoma.edu.ar\/wp-content\/uploads\/2022\/11\/5taFeria-04.jpeg 800w\" sizes=\"(max-width: 300px) 100vw, 300px\" \/> <img loading=\"lazy\" decoding=\"async\" class=\"size-medium wp-image-9389 alignleft\" src=\"https:\/\/fadeweb.uncoma.edu.ar\/wp-content\/uploads\/2022\/11\/5taFeria-05-300x300.jpeg\" alt=\"\" width=\"300\" height=\"300\" srcset=\"https:\/\/fadeweb.uncoma.edu.ar\/wp-content\/uploads\/2022\/11\/5taFeria-05-300x300.jpeg 300w, https:\/\/fadeweb.uncoma.edu.ar\/wp-content\/uploads\/2022\/11\/5taFeria-05-150x150.jpeg 150w, https:\/\/fadeweb.uncoma.edu.ar\/wp-content\/uploads\/2022\/11\/5taFeria-05-768x768.jpeg 768w, https:\/\/fadeweb.uncoma.edu.ar\/wp-content\/uploads\/2022\/11\/5taFeria-05.jpeg 800w\" sizes=\"(max-width: 300px) 100vw, 300px\" \/> <img loading=\"lazy\" decoding=\"async\" class=\"size-medium wp-image-9390 alignleft\" src=\"https:\/\/fadeweb.uncoma.edu.ar\/wp-content\/uploads\/2022\/11\/5taFeria-06-300x300.jpeg\" alt=\"\" width=\"300\" height=\"300\" srcset=\"https:\/\/fadeweb.uncoma.edu.ar\/wp-content\/uploads\/2022\/11\/5taFeria-06-300x300.jpeg 300w, https:\/\/fadeweb.uncoma.edu.ar\/wp-content\/uploads\/2022\/11\/5taFeria-06-150x150.jpeg 150w, https:\/\/fadeweb.uncoma.edu.ar\/wp-content\/uploads\/2022\/11\/5taFeria-06-768x768.jpeg 768w, https:\/\/fadeweb.uncoma.edu.ar\/wp-content\/uploads\/2022\/11\/5taFeria-06.jpeg 800w\" sizes=\"(max-width: 300px) 100vw, 300px\" \/> <img loading=\"lazy\" decoding=\"async\" class=\"size-medium wp-image-9391 alignleft\" src=\"https:\/\/fadeweb.uncoma.edu.ar\/wp-content\/uploads\/2022\/11\/5taFeria-07-300x300.jpeg\" alt=\"\" width=\"300\" height=\"300\" srcset=\"https:\/\/fadeweb.uncoma.edu.ar\/wp-content\/uploads\/2022\/11\/5taFeria-07-300x300.jpeg 300w, https:\/\/fadeweb.uncoma.edu.ar\/wp-content\/uploads\/2022\/11\/5taFeria-07-150x150.jpeg 150w, https:\/\/fadeweb.uncoma.edu.ar\/wp-content\/uploads\/2022\/11\/5taFeria-07-768x768.jpeg 768w, https:\/\/fadeweb.uncoma.edu.ar\/wp-content\/uploads\/2022\/11\/5taFeria-07.jpeg 800w\" sizes=\"(max-width: 300px) 100vw, 300px\" \/> <img loading=\"lazy\" decoding=\"async\" class=\"size-medium wp-image-9392 alignleft\" src=\"https:\/\/fadeweb.uncoma.edu.ar\/wp-content\/uploads\/2022\/11\/5taFeria-08-300x300.jpeg\" alt=\"\" width=\"300\" height=\"300\" srcset=\"https:\/\/fadeweb.uncoma.edu.ar\/wp-content\/uploads\/2022\/11\/5taFeria-08-300x300.jpeg 300w, https:\/\/fadeweb.uncoma.edu.ar\/wp-content\/uploads\/2022\/11\/5taFeria-08-150x150.jpeg 150w, https:\/\/fadeweb.uncoma.edu.ar\/wp-content\/uploads\/2022\/11\/5taFeria-08-768x768.jpeg 768w, https:\/\/fadeweb.uncoma.edu.ar\/wp-content\/uploads\/2022\/11\/5taFeria-08.jpeg 800w\" sizes=\"(max-width: 300px) 100vw, 300px\" \/> <img loading=\"lazy\" decoding=\"async\" class=\"size-medium wp-image-9393 alignleft\" src=\"https:\/\/fadeweb.uncoma.edu.ar\/wp-content\/uploads\/2022\/11\/5taFeria-09-300x300.jpeg\" alt=\"\" width=\"300\" height=\"300\" srcset=\"https:\/\/fadeweb.uncoma.edu.ar\/wp-content\/uploads\/2022\/11\/5taFeria-09-300x300.jpeg 300w, https:\/\/fadeweb.uncoma.edu.ar\/wp-content\/uploads\/2022\/11\/5taFeria-09-150x150.jpeg 150w, https:\/\/fadeweb.uncoma.edu.ar\/wp-content\/uploads\/2022\/11\/5taFeria-09-768x768.jpeg 768w, https:\/\/fadeweb.uncoma.edu.ar\/wp-content\/uploads\/2022\/11\/5taFeria-09.jpeg 800w\" sizes=\"(max-width: 300px) 100vw, 300px\" \/> <img loading=\"lazy\" decoding=\"async\" class=\"size-medium wp-image-9394 alignleft\" src=\"https:\/\/fadeweb.uncoma.edu.ar\/wp-content\/uploads\/2022\/11\/5taFeria-10-300x300.jpeg\" alt=\"\" width=\"300\" height=\"300\" srcset=\"https:\/\/fadeweb.uncoma.edu.ar\/wp-content\/uploads\/2022\/11\/5taFeria-10-300x300.jpeg 300w, https:\/\/fadeweb.uncoma.edu.ar\/wp-content\/uploads\/2022\/11\/5taFeria-10-150x150.jpeg 150w, https:\/\/fadeweb.uncoma.edu.ar\/wp-content\/uploads\/2022\/11\/5taFeria-10-768x768.jpeg 768w, https:\/\/fadeweb.uncoma.edu.ar\/wp-content\/uploads\/2022\/11\/5taFeria-10.jpeg 800w\" sizes=\"(max-width: 300px) 100vw, 300px\" \/><\/p>\n<div class=\"xdj266r x11i5rnm xat24cr x1mh8g0r x1vvkbs x126k92a\">\n<div dir=\"auto\" style=\"text-align: left;\">El stand montado por la FADECS-FADEL en la 5\u00aa Feria Municipal del Libro y la Lectura \u201cPrimavera de las Letras\u201d cumpli\u00f3 con \u00e9xito las cinco jornadas de trabajo. Un importante marco de p\u00fablico se acerc\u00f3 a visitar la muestra, y en especial de establecimientos educativos de nivel medio as\u00ed como grupos de j\u00f3venes, pasaron por el espacio de nuestra universidad.<\/div>\n<\/div>\n<div class=\"x11i5rnm xat24cr x1mh8g0r x1vvkbs xtlvy1s x126k92a\">\n<div dir=\"auto\">Las autoridades de la FADECS agradecen a Silvia Berry, Rita Bustos, Ricardo Cuevas, Sandra Erratchu, Karina Giaquinta, Ra\u00fal Guti\u00e9rrez, Fernando Lanza, Hugo Quintreman, Roxana Ticac y Franco Ya\u00f1ez, por el compromiso asumido y la colaboraci\u00f3n prestada durante esta nueva edici\u00f3n de la muestra cultural m\u00e1s importante de la ciudad.<\/div>\n<\/div>\n","protected":false},"excerpt":{"rendered":"<p>El stand montado por la FADECS-FADEL en la 5\u00aa Feria Municipal del Libro y la Lectura \u201cPrimavera de las Letras\u201d cumpli\u00f3 con \u00e9xito las cinco jornadas de trabajo. Un importante marco de p\u00fablico se acerc\u00f3 a visitar la muestra, y en especial de establecimientos educativos de nivel medio as\u00ed como grupos de j\u00f3venes, pasaron por [&hellip;]<\/p>\n","protected":false},"author":3,"featured_media":9385,"comment_status":"open","ping_status":"open","sticky":false,"template":"","format":"standard","meta":{"footnotes":""},"categories":[55,5],"tags":[],"class_list":["post-9384","post","type-post","status-publish","format-standard","has-post-thumbnail","hentry","category-ferias","category-notifadecs"],"_links":{"self":[{"href":"https:\/\/fadeweb.uncoma.edu.ar\/index.php\/wp-json\/wp\/v2\/posts\/9384","targetHints":{"allow":["GET"]}}],"collection":[{"href":"https:\/\/fadeweb.uncoma.edu.ar\/index.php\/wp-json\/wp\/v2\/posts"}],"about":[{"href":"https:\/\/fadeweb.uncoma.edu.ar\/index.php\/wp-json\/wp\/v2\/types\/post"}],"author":[{"embeddable":true,"href":"https:\/\/fadeweb.uncoma.edu.ar\/index.php\/wp-json\/wp\/v2\/users\/3"}],"replies":[{"embeddable":true,"href":"https:\/\/fadeweb.uncoma.edu.ar\/index.php\/wp-json\/wp\/v2\/comments?post=9384"}],"version-history":[{"count":1,"href":"https:\/\/fadeweb.uncoma.edu.ar\/index.php\/wp-json\/wp\/v2\/posts\/9384\/revisions"}],"predecessor-version":[{"id":9395,"href":"https:\/\/fadeweb.uncoma.edu.ar\/index.php\/wp-json\/wp\/v2\/posts\/9384\/revisions\/9395"}],"wp:featuredmedia":[{"embeddable":true,"href":"https:\/\/fadeweb.uncoma.edu.ar\/index.php\/wp-json\/wp\/v2\/media\/9385"}],"wp:attachment":[{"href":"https:\/\/fadeweb.uncoma.edu.ar\/index.php\/wp-json\/wp\/v2\/media?parent=9384"}],"wp:term":[{"taxonomy":"category","embeddable":true,"href":"https:\/\/fadeweb.uncoma.edu.ar\/index.php\/wp-json\/wp\/v2\/categories?post=9384"},{"taxonomy":"post_tag","embeddable":true,"href":"https:\/\/fadeweb.uncoma.edu.ar\/index.php\/wp-json\/wp\/v2\/tags?post=9384"}],"curies":[{"name":"wp","href":"https:\/\/api.w.org\/{rel}","templated":true}]}}