{"id":9347,"date":"2022-11-01T09:02:20","date_gmt":"2022-11-01T12:02:20","guid":{"rendered":"http:\/\/170.210.81.106\/newfade\/?p=9347"},"modified":"2022-11-01T09:02:20","modified_gmt":"2022-11-01T12:02:20","slug":"homenaje-a-las-madres-de-plaza-de-mayo-filial-neuquen-y-alto-valle","status":"publish","type":"post","link":"https:\/\/fadeweb.uncoma.edu.ar\/index.php\/2022\/11\/01\/homenaje-a-las-madres-de-plaza-de-mayo-filial-neuquen-y-alto-valle\/","title":{"rendered":"HOMENAJE A LAS MADRES DE PLAZA DE MAYO FILIAL NEUQU\u00c9N Y ALTO VALLE"},"content":{"rendered":"<p><img fetchpriority=\"high\" decoding=\"async\" class=\"size-medium wp-image-9350 alignleft\" src=\"https:\/\/fadeweb.uncoma.edu.ar\/wp-content\/uploads\/2022\/11\/Homenaje-a-las-Madres-CEPACC-230x300.jpg\" alt=\"\" width=\"230\" height=\"300\" srcset=\"https:\/\/fadeweb.uncoma.edu.ar\/wp-content\/uploads\/2022\/11\/Homenaje-a-las-Madres-CEPACC-230x300.jpg 230w, https:\/\/fadeweb.uncoma.edu.ar\/wp-content\/uploads\/2022\/11\/Homenaje-a-las-Madres-CEPACC-787x1024.jpg 787w, https:\/\/fadeweb.uncoma.edu.ar\/wp-content\/uploads\/2022\/11\/Homenaje-a-las-Madres-CEPACC-768x1000.jpg 768w, https:\/\/fadeweb.uncoma.edu.ar\/wp-content\/uploads\/2022\/11\/Homenaje-a-las-Madres-CEPACC-1180x1536.jpg 1180w, https:\/\/fadeweb.uncoma.edu.ar\/wp-content\/uploads\/2022\/11\/Homenaje-a-las-Madres-CEPACC-1573x2048.jpg 1573w, https:\/\/fadeweb.uncoma.edu.ar\/wp-content\/uploads\/2022\/11\/Homenaje-a-las-Madres-CEPACC-scaled.jpg 1966w\" sizes=\"(max-width: 230px) 100vw, 230px\" \/><\/p>\n<div class=\"xdj266r x11i5rnm xat24cr x1mh8g0r x1vvkbs x126k92a\">\n<div dir=\"auto\">Presentaci\u00f3n, Proyecci\u00f3n y charla debate de la Pel\u00edcula Documental \u201cLa Ronda de los Pa\u00f1uelos al Sur\u201d<\/div>\n<\/div>\n<div class=\"x11i5rnm xat24cr x1mh8g0r x1vvkbs xtlvy1s x126k92a\">\n<div dir=\"auto\">El d\u00eda Jueves 10 de noviembre de 2022 a partir de las 17 hs, en el Auditorio de la Facultad de Derecho y Ciencias Sociales \u2013 UNCo-, se llevar\u00e1 a cabo un homenaje a las Madres de Plaza de Mayo filial Neuqu\u00e9n y Alto Valle. El mismo consistir\u00e1 en la presentaci\u00f3n, proyecci\u00f3n y charla debate de la Pel\u00edcula Documental \u201cLa Ronda de los Pa\u00f1uelos al Sur\u201d, del director y guionista Gustavo Gzain y constar\u00e1 con m\u00fasica en vivo, instalaciones en referencia a los pa\u00f1uelos blancos y entrega de reconocimientos. La jornada contar\u00e1 con la presencia de las MADRES, In\u00e9s y Lol\u00edn, y el Grupo por la Memoria y Compromiso con las Madres y los 30.000.<\/div>\n<\/div>\n<div class=\"x11i5rnm xat24cr x1mh8g0r x1vvkbs xtlvy1s x126k92a\">\n<div dir=\"auto\">La actividad es organizada y realizada por el Centro de Estudios Patag\u00f3nicos de Comunicaci\u00f3n y Cultura que funciona dentro de la Facultad de Derecho y Ciencias Sociales de la Universidad Nacional del Comahue y es auspiciada por la C\u00e1tedra de Periodismo Televisivo de la Carrera de Comunicaci\u00f3n Social y la Secretaria de Bienestar Estudiantil de FADECS-UNCo.<\/div>\n<\/div>\n<div class=\"x11i5rnm xat24cr x1mh8g0r x1vvkbs xtlvy1s x126k92a\">\n<div dir=\"auto\">\u201cLa Ronda de los Pa\u00f1uelos al Sur\u201d, es un largometraje Documental Cinematogr\u00e1fico que forma parte de una \u201cNarrativa Transmedia\u201d que comenz\u00f3 a realizarse en el a\u00f1o 2011 y se extiende hasta la actualidad. La Narrativa, y la pel\u00edcula documental, est\u00e1 realizada por el Director, Profesor e Investigador Gustavo Gzain junto a un grupo de realizadoras y realizadores, Iru S\u00e1nchez, Lorena Gal\u00e1n, Violeta Arzamendia, entre otrxs. La realizaci\u00f3n se llevo adelante en reconocimiento y homenaje a Las Madres de Plaza de Mayo filial Neuqu\u00e9n y Alto Valle, por su accionar en defensa de los Derechos Humanos, en sus m\u00e1s de 40 a\u00f1os de lucha junto al pueblo.<\/div>\n<\/div>\n<div class=\"x11i5rnm xat24cr x1mh8g0r x1vvkbs xtlvy1s x126k92a\">\n<div dir=\"auto\">(Secretar\u00eda de Bienestar Estudiantil)<\/div>\n<\/div>\n","protected":false},"excerpt":{"rendered":"<p>Presentaci\u00f3n, Proyecci\u00f3n y charla debate de la Pel\u00edcula Documental \u201cLa Ronda de los Pa\u00f1uelos al Sur\u201d El d\u00eda Jueves 10 de noviembre de 2022 a partir de las 17 hs, en el Auditorio de la Facultad de Derecho y Ciencias Sociales \u2013 UNCo-, se llevar\u00e1 a cabo un homenaje a las Madres de Plaza de [&hellip;]<\/p>\n","protected":false},"author":3,"featured_media":9350,"comment_status":"open","ping_status":"open","sticky":false,"template":"","format":"standard","meta":{"footnotes":""},"categories":[5,43],"tags":[],"class_list":["post-9347","post","type-post","status-publish","format-standard","has-post-thumbnail","hentry","category-notifadecs","category-promocion-defensa-derechos-humanos"],"_links":{"self":[{"href":"https:\/\/fadeweb.uncoma.edu.ar\/index.php\/wp-json\/wp\/v2\/posts\/9347","targetHints":{"allow":["GET"]}}],"collection":[{"href":"https:\/\/fadeweb.uncoma.edu.ar\/index.php\/wp-json\/wp\/v2\/posts"}],"about":[{"href":"https:\/\/fadeweb.uncoma.edu.ar\/index.php\/wp-json\/wp\/v2\/types\/post"}],"author":[{"embeddable":true,"href":"https:\/\/fadeweb.uncoma.edu.ar\/index.php\/wp-json\/wp\/v2\/users\/3"}],"replies":[{"embeddable":true,"href":"https:\/\/fadeweb.uncoma.edu.ar\/index.php\/wp-json\/wp\/v2\/comments?post=9347"}],"version-history":[{"count":1,"href":"https:\/\/fadeweb.uncoma.edu.ar\/index.php\/wp-json\/wp\/v2\/posts\/9347\/revisions"}],"predecessor-version":[{"id":9353,"href":"https:\/\/fadeweb.uncoma.edu.ar\/index.php\/wp-json\/wp\/v2\/posts\/9347\/revisions\/9353"}],"wp:featuredmedia":[{"embeddable":true,"href":"https:\/\/fadeweb.uncoma.edu.ar\/index.php\/wp-json\/wp\/v2\/media\/9350"}],"wp:attachment":[{"href":"https:\/\/fadeweb.uncoma.edu.ar\/index.php\/wp-json\/wp\/v2\/media?parent=9347"}],"wp:term":[{"taxonomy":"category","embeddable":true,"href":"https:\/\/fadeweb.uncoma.edu.ar\/index.php\/wp-json\/wp\/v2\/categories?post=9347"},{"taxonomy":"post_tag","embeddable":true,"href":"https:\/\/fadeweb.uncoma.edu.ar\/index.php\/wp-json\/wp\/v2\/tags?post=9347"}],"curies":[{"name":"wp","href":"https:\/\/api.w.org\/{rel}","templated":true}]}}