{"id":9289,"date":"2020-09-28T08:15:38","date_gmt":"2020-09-28T11:15:38","guid":{"rendered":"http:\/\/170.210.81.106\/newfade\/?p=9289"},"modified":"2022-11-01T08:16:14","modified_gmt":"2022-11-01T11:16:14","slug":"a-todas-os-las-los-estudiantes-becarias-os-invitacion-al-segundo-taller-de-mate-y-o-cafe-virtual","status":"publish","type":"post","link":"https:\/\/fadeweb.uncoma.edu.ar\/index.php\/2020\/09\/28\/a-todas-os-las-los-estudiantes-becarias-os-invitacion-al-segundo-taller-de-mate-y-o-cafe-virtual\/","title":{"rendered":"A todas\/os las\/los estudiantes becarias\/os INVITACI\u00d3N AL SEGUNDO TALLER DE \u201cMATE Y\/O CAF\u00c9 VIRTUAL\u201d"},"content":{"rendered":"<p class=\"subt1\"><img fetchpriority=\"high\" decoding=\"async\" class=\"alignnone size-full wp-image-9131\" src=\"https:\/\/fadeweb.uncoma.edu.ar\/wp-content\/uploads\/2022\/10\/mate2.jpg\" alt=\"\" width=\"304\" height=\"406\" srcset=\"https:\/\/fadeweb.uncoma.edu.ar\/wp-content\/uploads\/2022\/10\/mate2.jpg 304w, https:\/\/fadeweb.uncoma.edu.ar\/wp-content\/uploads\/2022\/10\/mate2-225x300.jpg 225w\" sizes=\"(max-width: 304px) 100vw, 304px\" \/><\/p>\n<p class=\"texto\">La Secretar\u00eda de Bienestar Estudiantil de la FADECS-UNCo informa a todas\/os las\/los estudiantes que el segundo Taller sobre pautas de organizaci\u00f3n, h\u00e1bitos saludables y efectivos de estudio del ciclo de encuentros \u201cMate y\/o Caf\u00e9 Virtual. Te invitamos a charlar\u201d, modifica su fecha por complicaciones en la plataforma virtual. Los esperamos el martes 29\/9 de 9 a 10.<\/p>\n<p class=\"texto\">Este segundo taller estar\u00e1 destinado a revisar y mejorar las estrategias de estudio de acuerdo a cada situaci\u00f3n particular, para lograr un mejor equilibrio y rendimiento acad\u00e9mico sin comprometer nuestra salud biopsicosocial.<\/p>\n<p class=\"texto\">S\u00ed estas interesando en participar comun\u00edcate con nosotros al tel\u00e9fono o al correo para que te enviemos el formulario de inscripci\u00f3n.<\/p>\n<p class=\"texto\">Whatsapp: celular 298 422-6274<br \/>\nMail: bienestarestudiantil@fade.uncoma.edu.ar<\/p>\n","protected":false},"excerpt":{"rendered":"<p>La Secretar\u00eda de Bienestar Estudiantil de la FADECS-UNCo informa a todas\/os las\/los estudiantes que el segundo Taller sobre pautas de organizaci\u00f3n, h\u00e1bitos saludables y efectivos de estudio del ciclo de encuentros \u201cMate y\/o Caf\u00e9 Virtual. Te invitamos a charlar\u201d, modifica su fecha por complicaciones en la plataforma virtual. Los esperamos el martes 29\/9 de 9 [&hellip;]<\/p>\n","protected":false},"author":2,"featured_media":9131,"comment_status":"open","ping_status":"open","sticky":false,"template":"","format":"standard","meta":{"footnotes":""},"categories":[39,5],"tags":[],"class_list":["post-9289","post","type-post","status-publish","format-standard","has-post-thumbnail","hentry","category-39","category-notifadecs"],"_links":{"self":[{"href":"https:\/\/fadeweb.uncoma.edu.ar\/index.php\/wp-json\/wp\/v2\/posts\/9289","targetHints":{"allow":["GET"]}}],"collection":[{"href":"https:\/\/fadeweb.uncoma.edu.ar\/index.php\/wp-json\/wp\/v2\/posts"}],"about":[{"href":"https:\/\/fadeweb.uncoma.edu.ar\/index.php\/wp-json\/wp\/v2\/types\/post"}],"author":[{"embeddable":true,"href":"https:\/\/fadeweb.uncoma.edu.ar\/index.php\/wp-json\/wp\/v2\/users\/2"}],"replies":[{"embeddable":true,"href":"https:\/\/fadeweb.uncoma.edu.ar\/index.php\/wp-json\/wp\/v2\/comments?post=9289"}],"version-history":[{"count":1,"href":"https:\/\/fadeweb.uncoma.edu.ar\/index.php\/wp-json\/wp\/v2\/posts\/9289\/revisions"}],"predecessor-version":[{"id":9290,"href":"https:\/\/fadeweb.uncoma.edu.ar\/index.php\/wp-json\/wp\/v2\/posts\/9289\/revisions\/9290"}],"wp:featuredmedia":[{"embeddable":true,"href":"https:\/\/fadeweb.uncoma.edu.ar\/index.php\/wp-json\/wp\/v2\/media\/9131"}],"wp:attachment":[{"href":"https:\/\/fadeweb.uncoma.edu.ar\/index.php\/wp-json\/wp\/v2\/media?parent=9289"}],"wp:term":[{"taxonomy":"category","embeddable":true,"href":"https:\/\/fadeweb.uncoma.edu.ar\/index.php\/wp-json\/wp\/v2\/categories?post=9289"},{"taxonomy":"post_tag","embeddable":true,"href":"https:\/\/fadeweb.uncoma.edu.ar\/index.php\/wp-json\/wp\/v2\/tags?post=9289"}],"curies":[{"name":"wp","href":"https:\/\/api.w.org\/{rel}","templated":true}]}}