{"id":9200,"date":"2020-10-14T13:11:00","date_gmt":"2020-10-14T16:11:00","guid":{"rendered":"http:\/\/170.210.81.106\/newfade\/?p=9200"},"modified":"2022-10-31T13:11:37","modified_gmt":"2022-10-31T16:11:37","slug":"iii-jornadas-audiovisuales-nuevas-tecnologias-nuevas-narrativas","status":"publish","type":"post","link":"https:\/\/fadeweb.uncoma.edu.ar\/index.php\/2020\/10\/14\/iii-jornadas-audiovisuales-nuevas-tecnologias-nuevas-narrativas\/","title":{"rendered":"III JORNADAS AUDIOVISUALES NUEVAS TECNOLOG\u00cdAS &#8211; NUEVAS NARRATIVAS"},"content":{"rendered":"<p class=\"subt1\"><img fetchpriority=\"high\" decoding=\"async\" class=\"alignnone size-large wp-image-9201\" src=\"https:\/\/fadeweb.uncoma.edu.ar\/wp-content\/uploads\/2022\/10\/ja2-1024x1024.jpg\" alt=\"\" width=\"800\" height=\"800\" srcset=\"https:\/\/fadeweb.uncoma.edu.ar\/wp-content\/uploads\/2022\/10\/ja2-1024x1024.jpg 1024w, https:\/\/fadeweb.uncoma.edu.ar\/wp-content\/uploads\/2022\/10\/ja2-300x300.jpg 300w, https:\/\/fadeweb.uncoma.edu.ar\/wp-content\/uploads\/2022\/10\/ja2-150x150.jpg 150w, https:\/\/fadeweb.uncoma.edu.ar\/wp-content\/uploads\/2022\/10\/ja2-768x768.jpg 768w, https:\/\/fadeweb.uncoma.edu.ar\/wp-content\/uploads\/2022\/10\/ja2.jpg 1378w\" sizes=\"(max-width: 800px) 100vw, 800px\" \/><\/p>\n<p class=\"texto\">Las Jornadas audiovisuales son organizadas por el \u00c1rea Audiovisual de la Carrera de Comunicaci\u00f3n Social de la Facultad de Derecho y Ciencias Sociales.<\/p>\n<p class=\"texto\">El jueves 15 de octubre a partir de las 17:34 se desarrollar\u00e1 una de las actividades destacadas y que ser\u00e1 llevada a cabo por Carolina Di Palma qui\u00e9n entrevistar\u00e1 a dos reconocidas acad\u00e9micas con amplia trayectoria en el campo profesional. La entrevista desarrollar\u00e1 una tem\u00e1tica actual que reflexionar\u00e1 sobre los Avatars los videojuegos y la identidad y ser\u00e1 moderada por el Prof. Gustavo Gzain.<\/p>\n<p class=\"texto\">Por un lado, se entrevistar\u00e1 v\u00eda streaming a Eur\u00eddice Caba\u00f1es quien es Co-directora de ARSGAMES, organizaci\u00f3n internacional con m\u00e1s de 12 a\u00f1os de experiencia centrada en el videojuego como herramienta de transformaci\u00f3n social. Doctora en Filosof\u00eda por la Universidad Aut\u00f3noma de Madrid. Es actualmente profesora en el m\u00e1ster de Dise\u00f1o Tecnopedag\u00f3gico (e-learning) en la Universidad Isabel I de Castilla y de \u00c9tica de la Tecnolog\u00eda en Centro de Dise\u00f1o, Cine y Televisi\u00f3n. Ha impartido m\u00e1s de 100 conferencias en Asia, Europa, Australia, Norteam\u00e9rica y Latinoam\u00e9rica. Ha sido fundadora y directora de la F\u00e1brica Digital El Rule (actual Laboratorio de Tecnolog\u00edas) de la Secretar\u00eda de Cultura de la CDMX.<\/p>\n<p class=\"texto\">A continuaci\u00f3n, Carolina Di Palma entrevistar\u00e1 a Mar\u00eda Luj\u00e1n Oulton que es Magister en Creaci\u00f3n y Comunicaci\u00f3n Cultural. Es productora cultural y curadora especializada en videojuegos. Desde el 2009 dirige Game on!\u00a0 Luj\u00e1n es tambi\u00e9n co-fundadora del Encuentro Latinoamericano de Videojuegos, integrante de Women in Games Argentina y del Grupo de Game Studies del IIEAC (Instituto de Investigaci\u00f3n y Experimentaci\u00f3n en Arte y Cr\u00edtica)<\/p>\n<p class=\"texto\">Cabe destacar que Carolina Di Palma es doctora en Comunicaci\u00f3n de la UNLP y PPGCOM UFF-Brasil. Magister en Comunicaci\u00f3n y Educaci\u00f3n de la Universidad Nacional de la Plata con tesis sobre la Convergencia digital p\u00fablica infantil. Responsable de proyectos de Convergencia digital del canal Pakapaka Tv p\u00fablica de Argentina.<\/p>\n<p class=\"texto\">La tem\u00e1tica de las Nuevas Tecnolog\u00edas y las Narrativas Audiovisuales est\u00e1 integrada a los Programas de C\u00e1tedras del \u00c1rea Audiovisual y es abordada a trav\u00e9s de la investigaci\u00f3n acad\u00e9mica y la realizaci\u00f3n y producci\u00f3n de contenidos de sus docentes. A cargo de la organizaci\u00f3n del acontecimiento se encuentran los profesores Gustavo Gzain, Stella Maris Poggian, Daniela S\u00e1nchez Kremer, Dardo Gobbi, Nicol\u00e1s Martinez, estudiantes de las C\u00e1tedras y todo el equipo t\u00e9cnico del \u00c1rea Audiovisual.<\/p>\n<p class=\"texto\">Las Jornadas cuentan con el aval de la Secretar\u00eda de Extensi\u00f3n de la Facultad de Derecho y Ciencias Sociales y el auspicio del \u00abCentro de Estudios Patag\u00f3nico de Comunicaci\u00f3n y Cultura\u00bb de la Universidad Nacional del Comahue, adem\u00e1s de la Escuela de Creaci\u00f3n Audiovisual (ECA) de la Universidad Austral de Chile.<\/p>\n<p class=\"texto\">Son gratuitas y abiertas a toda la comunidad; no necesita inscripci\u00f3n.<\/p>\n<p class=\"texto\">Se podr\u00e1 ingresar al streaming por:<\/p>\n<p class=\"texto\">YouTube Live Jornadas Audiovisuales FADECS UNCO, y por<\/p>\n<p class=\"texto\">\u00a0Facebook Live @audiovisuales.fadecs.unco<\/p>\n","protected":false},"excerpt":{"rendered":"<p>Las Jornadas audiovisuales son organizadas por el \u00c1rea Audiovisual de la Carrera de Comunicaci\u00f3n Social de la Facultad de Derecho y Ciencias Sociales. El jueves 15 de octubre a partir de las 17:34 se desarrollar\u00e1 una de las actividades destacadas y que ser\u00e1 llevada a cabo por Carolina Di Palma qui\u00e9n entrevistar\u00e1 a dos reconocidas [&hellip;]<\/p>\n","protected":false},"author":2,"featured_media":9201,"comment_status":"open","ping_status":"open","sticky":false,"template":"","format":"standard","meta":{"footnotes":""},"categories":[39,5],"tags":[],"class_list":["post-9200","post","type-post","status-publish","format-standard","has-post-thumbnail","hentry","category-39","category-notifadecs"],"_links":{"self":[{"href":"https:\/\/fadeweb.uncoma.edu.ar\/index.php\/wp-json\/wp\/v2\/posts\/9200","targetHints":{"allow":["GET"]}}],"collection":[{"href":"https:\/\/fadeweb.uncoma.edu.ar\/index.php\/wp-json\/wp\/v2\/posts"}],"about":[{"href":"https:\/\/fadeweb.uncoma.edu.ar\/index.php\/wp-json\/wp\/v2\/types\/post"}],"author":[{"embeddable":true,"href":"https:\/\/fadeweb.uncoma.edu.ar\/index.php\/wp-json\/wp\/v2\/users\/2"}],"replies":[{"embeddable":true,"href":"https:\/\/fadeweb.uncoma.edu.ar\/index.php\/wp-json\/wp\/v2\/comments?post=9200"}],"version-history":[{"count":1,"href":"https:\/\/fadeweb.uncoma.edu.ar\/index.php\/wp-json\/wp\/v2\/posts\/9200\/revisions"}],"predecessor-version":[{"id":9202,"href":"https:\/\/fadeweb.uncoma.edu.ar\/index.php\/wp-json\/wp\/v2\/posts\/9200\/revisions\/9202"}],"wp:featuredmedia":[{"embeddable":true,"href":"https:\/\/fadeweb.uncoma.edu.ar\/index.php\/wp-json\/wp\/v2\/media\/9201"}],"wp:attachment":[{"href":"https:\/\/fadeweb.uncoma.edu.ar\/index.php\/wp-json\/wp\/v2\/media?parent=9200"}],"wp:term":[{"taxonomy":"category","embeddable":true,"href":"https:\/\/fadeweb.uncoma.edu.ar\/index.php\/wp-json\/wp\/v2\/categories?post=9200"},{"taxonomy":"post_tag","embeddable":true,"href":"https:\/\/fadeweb.uncoma.edu.ar\/index.php\/wp-json\/wp\/v2\/tags?post=9200"}],"curies":[{"name":"wp","href":"https:\/\/api.w.org\/{rel}","templated":true}]}}