{"id":9136,"date":"2020-10-19T08:52:09","date_gmt":"2020-10-19T11:52:09","guid":{"rendered":"http:\/\/170.210.81.106\/newfade\/?p=9136"},"modified":"2022-10-31T12:52:59","modified_gmt":"2022-10-31T15:52:59","slug":"convocatoria-a-la-continuacion-de-la-tercera-sesion-ordinaria-de-2020-del-consejo-directivo-de-la-fadecs","status":"publish","type":"post","link":"https:\/\/fadeweb.uncoma.edu.ar\/index.php\/2020\/10\/19\/convocatoria-a-la-continuacion-de-la-tercera-sesion-ordinaria-de-2020-del-consejo-directivo-de-la-fadecs\/","title":{"rendered":"CONVOCATORIA A LA CONTINUACI\u00d3N DE LA TERCERA SESI\u00d3N ORDINARIA DE 2020 DEL CONSEJO DIRECTIVO DE LA FADECS"},"content":{"rendered":"<p class=\"subt1\"><img fetchpriority=\"high\" decoding=\"async\" class=\"alignnone size-full wp-image-4091\" src=\"https:\/\/fadeweb.uncoma.edu.ar\/wp-content\/uploads\/2022\/09\/CD800.jpg\" alt=\"\" width=\"800\" height=\"461\" srcset=\"https:\/\/fadeweb.uncoma.edu.ar\/wp-content\/uploads\/2022\/09\/CD800.jpg 800w, https:\/\/fadeweb.uncoma.edu.ar\/wp-content\/uploads\/2022\/09\/CD800-300x173.jpg 300w, https:\/\/fadeweb.uncoma.edu.ar\/wp-content\/uploads\/2022\/09\/CD800-768x443.jpg 768w\" sizes=\"(max-width: 800px) 100vw, 800px\" \/><\/p>\n<p class=\"texto\">El Consejo Directivo de la Facultad de Derecho y Ciencias Sociales de la Universidad Nacional del Comahue reanudar\u00e1 su tercera sesi\u00f3n Ordinaria de 2020 este mi\u00e9rcoles 21 de octubre, a las 15.<\/p>\n<p class=\"texto\">Se recuerda a las\/los Consejeras\/os Directivas\/os que para participar deber\u00e1n ingresar a la plataforma de reuniones mediadas por tecnolog\u00eda Reuniones UNComa (<a href=\"https:\/\/l.facebook.com\/l.php?u=http%3A%2F%2Freuniones.uncoma.edu.ar%2F%3Ffbclid%3DIwAR0jaTdU6tmR5JA6USEIWp4H5JvGsm1-QlyNyr-DLJl_r8otzoX-nJ4FfD8&amp;h=AT261UTGvbMYS2a4t5pP7UH_E_mm6NkPm0Kj66ypumq_iqCImrR8wx_7opAw9OmJOBLWOkjok2oXXzniZQTK0rSpxxyygXIxRcN4qiNswHe4pljg-v6nu9mUemlj8Ux2&amp;__tn__=-UK-R&amp;c%5b0%5d=AT3jW1FSoFLGRuImQKrqIwLb0KmGB82_fmAUEns0BYBkZzs9APeXmq1e_g1cLq1-7cANwYpSNevlWAJymC2_8YaQXUpbQgvaGIW0AR_JfQvbt93OJMj2ng_jdTs93M9JTuZrRCkQum1HJyW_R9b0E4xP5dSoNBsr5mvdOCCZkq3D8703VZYDEjN7q-jTZ1vpXRaRdwnxwxgw3sXSjuQ8\" target=\"_blank\" rel=\"noopener\">http:\/\/reuniones.uncoma.edu.ar<\/a>) con su usuario asignado (n\u00famero de documento) y su clave (tambi\u00e9n n\u00famero de documento). Una vez que ingresen deber\u00e1n cambiar su clave para mayor seguridad.<\/p>\n<p class=\"texto\">Aquellas\/os que han participado de reuniones de comisi\u00f3n ya habr\u00e1n cambiado la contrase\u00f1a, mas el usuario contin\u00faa siendo el n\u00famero de DNI.<\/p>\n<p class=\"texto\">Se adjunta orden del d\u00eda con los expedientes que a\u00fan faltan tratar.<\/p>\n<p><strong>REUNI\u00d3N ORDINARIA 14 DE OCTUBRE DE 2020 ACTA N.\u00ba 03<br \/>\nO R D E N D E L D I A<br \/>\nContinuaci\u00f3n del cuarto intermedio: mi\u00e9rcoles 21 de octubre de 2020<\/strong><br \/>\n10. Expte. 788: Solicitud de ratificaci\u00f3n de la Resoluci\u00f3n N.\u00ba 154 de Decano ad refer\u00e9ndum del Consejo Directivo s\/designaci\u00f3n de la docente Mar\u00eda Celeste Agostina BENATTI en el cargo de ayudante de primera suplente con dedicaci\u00f3n simple (cargo adicional y transitorio) para desempe\u00f1arse en la asignatura: \u201cDerecho P\u00fablico, Provincial y Municipal\u201d perteneciente al \u00c1rea: Derecho Pol\u00edtico -Orientaci\u00f3n: Derecho Constitucional, a partir del 10 de junio de 2020 y hasta 03 de agosto de 2020. M.I.: Ferreyra<br \/>\n11. Expte. 779: Solicitud de ratificaci\u00f3n de las resoluciones N.\u00ba 188, 189 y 199 de Decano ad refer\u00e9ndum del Consejo Directivo s\/designaciones para reforzar la asignatura \u201cDerecho Pol\u00edtico II\u201d (Cat. 2). M.I.: Ferreyra<br \/>\n12. Expte. 776: Solicitud de ratificaci\u00f3n de las resoluciones ad refer\u00e9ndum del Consejo Directivo N.\u00ba 186, 187, 212, 213, 214, 215 y 232, vinculadas a la adecuaci\u00f3n de tareas y posterior jubilaci\u00f3n de Lucrecia Reta, Depto. Comunicaci\u00f3n Social. M. I.: Ferreyra<br \/>\n13. Expte. 791: Solicitud de ratificaci\u00f3n de la Resoluci\u00f3n N.\u00ba 130\/2020 de Decano ad refer\u00e9ndum del Consejo Directivo s\/designaci\u00f3n de la docente Ver\u00f3nica Fermina FUENTES, en el cargo de asistente de docencia interino con dedicaci\u00f3n simple, (cargo adicional) para desempe\u00f1arse en la asignatura \u201cComunicaci\u00f3n Radiof\u00f3nica\u201d del \u00c1rea: De Comunicaci\u00f3n Radiof\u00f3nica \u2013Orientaci\u00f3n: Comunicaci\u00f3n Radiof\u00f3nica, dependiente del Departamento de Cs. de la Informaci\u00f3n y Comunicaci\u00f3n Social, a partir del 13 de marzo de 2020 y hasta el 31 de enero de 2021. M.I.: Monasterio.Se debe completar con informaci\u00f3n antes de tratar.<br \/>\n1.14.Expte. 778: Solicitud de ratificaci\u00f3n de la Resoluci\u00f3n N.\u00ba 132 de Decano ad refer\u00e9ndum del Consejo Directivo s\/pr\u00f3rroga a la designaci\u00f3n de los practicantes rentados en Antena Libre. M.I.: Ferreyra<br \/>\n15. Expte. 783: Solicitud de ratificaci\u00f3n de la Resoluci\u00f3n N.\u00ba 141 de Decano ad refer\u00e9ndum del Consejo Directivo s\/renuncias del personal de \u201cAntena Libre\u201d por pase a planta nodocente. M.I.: Ferreyra<br \/>\n16. Expte. 784: Solicitud de ratificaci\u00f3n de la Resoluci\u00f3n N.\u00ba 157 de Decano ad refer\u00e9ndum del Consejo Directivo s\/designaci\u00f3n de Prof. M. Florencia ANSALONI como PAD-3 para seminario opcional de la Lic. en Sociolog\u00eda. M.I.:Ferreyra<br \/>\n17. Expte. 789: Solicitud de ratificaci\u00f3n de la Resoluci\u00f3n N.\u00ba 190 de Decano ad refer\u00e9ndum del Consejo Directivo s\/designaci\u00f3n dela Lic. Agostina DOLCEM\u00c1SCOLO en el cargo de ayudante de primera con dedicaci\u00f3n simple (cargo adicional), en calidad de suplente, del \u00c1rea: Sociolog\u00eda General \u2013Orientaci\u00f3n: Metodolog\u00eda, perteneciente al Departamento de Cs. Pol\u00edticas y Sociales, para desempe\u00f1arse en las asignaturas: \u201cMetodolog\u00eda I\u201d y \u201cTaller de Tesis\u201d para la carrera de Lic. en Sociolog\u00eda, a partir del 12 de agosto de 2020 y hasta el 31 de enero 2021. M.I.: Ferreyra<br \/>\n18. Expte. 777: Solicitud de ratificaci\u00f3n de las resoluciones N.\u00ba 128\/2020de Decano ad refer\u00e9ndum del Consejo Directivo s\/designaci\u00f3n Prof. FONTENLA, Luisina como AYP-3 Interina (cargo adicional-transitorio) para desempe\u00f1arse en \u201cAspectos Antropol\u00f3gicos del Cuidado\u201d, Lic. en Enfermer\u00eda, FACIA, m\u00f3dulo Prof. Sampayo, desde 16 de marzo a 16 septiembre 2020, Depto. Ciencias Pol\u00edticas y Sociales, y N.\u00ba 191\/20 s\/designaci\u00f3n de la docente Silvia Alejandra BASCUR (DNI 30.701.158 \u2013Leg. 59.988) en el cargo JTP-3 interino (adicional y transitorio) para desempe\u00f1arse en la asignatura \u201cAntropolog\u00eda Cultural, \u00c1rea: Antropolog\u00eda Social \u2013Orientaci\u00f3n: Teor\u00eda, para la Lic. en Psicolog\u00eda de FACE, a dictarse en el segundo cuatrimestre, a partir del 0\u00ba de agosto de 2020 al 21 de enero de 2021. M.I.: Ferreyra<br \/>\n19. Expte. 728: Solicitud de ratificaci\u00f3nde la Resoluci\u00f3n N.\u00ba 131\/2020 de Decano ad refer\u00e9ndum del Consejo Directivo s\/otorgamiento de licencia sin goce de haberes a la Prof. Mar\u00eda de los \u00c1ngeles JARA en el cargo de ayudante de primera regular con dedicaci\u00f3n simple (Ord. No 0872\/17 UNCo.) en el \u00c1rea: Antropolog\u00eda Social \u2013Orientaci\u00f3n: Teor\u00eda, con asignaci\u00f3n de tareas en la asignatura \u201cAntropolog\u00eda Cultural\u201d del Departamento de Cs. Pol\u00edticas y Sociales y que se dicta para la carrera Licenciatura en Psicolog\u00eda de la FACE, desde el 05 de marzo de 2020 y 31 de enero de 2021 y mientras se desempe\u00f1e en ejercicio transitorio de cargo de mayor jerarqu\u00eda. M.I.: Bonifacio<br \/>\n20. Expte. 790: Solicitud de ratificaci\u00f3n de la Resoluci\u00f3n N.\u00ba 158\/2020 de Decano ad refer\u00e9ndum del Consejo Directivo s\/designaci\u00f3n de ladocente Luisina FONTENLA, en el cargo de ayudante de primera interino con dedicaci\u00f3n parcial (cargo adicional y transitorio) para desempe\u00f1arse en la asignatura \u201cAntropolog\u00eda Cultural\u201d para la Lic. en Psicolog\u00eda (FACE) del \u00c1rea: Antropolog\u00eda Social \u2013Orientaci\u00f3n: Teor\u00eda, perteneciente al Departamento de Cs. Pol\u00edticas y Sociales, a partir del 01 de agosto de 2020 y hasta el 31 de enero de 2021.M.I.: Bonifacio<br \/>\n21. Expte. 797: \u2013Solicitud de ratificaci\u00f3n de la Resoluci\u00f3n N.\u00ba 140\/2020 de Decano ad refer\u00e9ndum del Consejo Directivo s\/designaci\u00f3n de la Esp. Eliana Lorena SANDOVAL para desempe\u00f1arse en el Departamento de Postgrado, cubriendo la tareas inherentes a los espacios de SIU Guarani, PEDCo, CONEAU Global y dem\u00e1s sistemas inform\u00e1ticos aplicados a las Universidades para posibilitar el desarrollo de las actividades acad\u00e9micas de postgrado, y para desarrollar tareas en la administraci\u00f3n PEDCo, atendiendo a las demandas de creaci\u00f3n de usuarios y mail de PEDCo para las carreras de grado. M.I.: Ferreyra<br \/>\n22. Expte. 770: Solicitud de pr\u00f3rroga de la designaci\u00f3n de adscriptos Mat\u00edas Oscar Zanona, Gast\u00f3n Pierroni y Mar\u00eda Cecilia Guajardo en asignaturas varias, hasta diciembre 2020, Departamento Derecho P\u00fablico. M.I.:S\u00e1nchez<br \/>\n23. Expte. 756: Solicitud de prorroga a la designaci\u00f3n de los adscriptos a la asignatura \u201cDerecho Social\u201d hasta diciembre 2020, Depto. Derecho Privado. M.I.:Ambroggio<br \/>\n24. Expte. 752: Solicitud de aprobaci\u00f3n de modificaciones al plan de Estudios de la carrera Especializaci\u00f3n en Comunicaci\u00f3n y Culturas Contempor\u00e1neas (Ord. 324\/15 y mod.). M.I.:Ferreyra<br \/>\n25. Expte. 767: Solicitud de ratificaci\u00f3n de la Resoluci\u00f3n N.\u00ba 226 de Decano ad refer\u00e9ndum del Consejo Directivo s\/aprobaci\u00f3n del curso de posgrado \u201cDemandas Colectivas y Dimensi\u00f3n Pol\u00edtica del Trabajo Social\u201d a dictarse con modalidad virtual, por los profesores. Jos\u00e9 Luis Bonifacio y Mauricio Vidal. M.I.: Spangaro<br \/>\n26. Expte. 773: Solicitud de ratificaci\u00f3n de la Resoluci\u00f3n de Decano ad refer\u00e9ndum del Consejo Directivo n.\u00ba 224 s\/designaci\u00f3n de la profesora Claudia Susana MARCONI como codirectora de la carrera de posgrado Especializaci\u00f3n en Derecho Administrativo, Ord.N\u00b0394\/03, que se dicta en la Facultad de Derecho y Ciencias Sociales. M.I. Spangaro<br \/>\n27. Expte. 765: Aval a bajas, altas y modificaciones en proyectos de investigaci\u00f3n de la Facultad. M.I.:Monasterio<br \/>\n28. Expte. 753: Solicitud de aval a la incorporaci\u00f3n del Prof. Dardo Sard\u00e1 al proyecto de investigaci\u00f3n 04\/D114, dirigido por el Prof. Fernando Lizarraga. M.I.: Ferreyra<br \/>\n29. Expte. 782:Aval cambio de funci\u00f3n de Lucas Urrutia en el proyecto de investigaci\u00f3n 04\/D121, dirigido por Mar\u00eda Mazzoni. M.I.: Spangaro<br \/>\n30. Expte. 729: Solicitud de certificaci\u00f3n de investigaci\u00f3n, Prof. Mar\u00eda Elizabeth Vaccarisi, Depto. Servicio Social. M.I.:Spangaro<br \/>\n31. Expte. 763:Ratificaci\u00f3n Res. 211 Aval a la pr\u00f3rroga de proyectos de investigaci\u00f3n hasta el 31 de diciembre de 2021. M.I.: Andrade<br \/>\n32. Expte. 754: Solicitud ratificaci\u00f3n de la Resoluci\u00f3n N.\u00ba 252\/20 de Decano ad refer\u00e9ndumdel Consejo Directivo s\/aval a la incorporaci\u00f3n de la Prof. Mar\u00eda De Gregorio al proyecto de investigaci\u00f3n de la FACE, dirigido por el Prof. Alejandra Parra. M.I.:Spangaro<br \/>\n33. Expte. 800:Solicitud de ratificaci\u00f3n de la Resoluci\u00f3n N.\u00ba 259\/2020 de Decano ad refer\u00e9ndumdel Consejo Directivo s\/aval a la Lic. DA SILVA, Mar\u00eda Lucia (DNI 30.957.655 \u2013Leg. 59.608) para integrar como Becaria del IPEHCS\/CONICET, con una dedicaci\u00f3n horaria de diez (10) horas semanales, a partir del 1\u00ba de enero de 2021, el proyecto de investigaci\u00f3n denominado ESPACIALIDADES EN LA ESCUELA SECUNDARIA: CORPORALIDADES, DISCURSOS Y MATERIALIDADES EN LA PRODUCCI\u00d3N DEL ORDEN ESCOLAR de la Facultad de Ciencias de la Educaci\u00f3n, dirigido por la Prof. Soledad Rold\u00e1n, que ser\u00e1 presentado en la Convocatoria 2021. M.I.: Calvo<br \/>\n34. Expte. 801: Solicitud de ratificaci\u00f3n de la Resoluci\u00f3n N.o 258\/2020 de Decano ad refer\u00e9ndum del Consejo Directivo s\/aval para la Prof. FLORES, Marta Mar\u00eda de los \u00c1ngeles y para la Prof. FONTENLA, , para integrar como directora (D), con 20 hs de dedicaci\u00f3n a la investigaci\u00f3n, y como docente con 10 hs , respectivamente, el proyecto denominado ARTE Y TRABAJO EN EL ALTO VALLE DE LA POSPANDEMIA: PRECARIZACI\u00d3N, PRODUCCI\u00d3N INDEPENDIENTE Y \u201cEMPRENDEDEURISMO\u201d EN UN CIRCUITO ART\u00cdSTICO-CULTURAL SUBALTERNIZADO, que ser\u00e1 presentado en la Facultad de Humanidades, en la Convocatoria 2021, a iniciar el 01 de enero de 2021 M.I.: Calvo<br \/>\n35.Expte. 781: Solicitud de reconocimiento a la participaci\u00f3n de los\/a profesores\/a Rost, Bergero y Bernardi en proyecto de investigaci\u00f3n interuniversitario \u201cC\u00f3mo se informan y c\u00f3mo estudian los estudiantes de periodismo y comunicaci\u00f3n de las universidades argentinas a trav\u00e9s de dispositivos digitales\u201d, como extensi\u00f3n del proyecto de investigaci\u00f3n D108. M.I.: Ferreyra<br \/>\n36. Expte. 802: Solicitud de aval acad\u00e9mico para el Seminario de Grado \u00abJuego y Participaci\u00f3n Ni\u00f1as, Ni\u00f1os y Adolescentes\u00bb que se llevar\u00e1 a cabo junto con el Ministerio de Ni\u00f1ez, Adolescencia y Juventud, la Subsecretar\u00eda de Ni\u00f1ez y Adolescencia de la provincia del Neuqu\u00e9n y Ministeriode Desarrollo y Trabajo de la provincia del Neuqu\u00e9n. M.I.: Catrileo Salazar<br \/>\n37. Expte. 780:Solicitud de ratificaci\u00f3n de la Resoluci\u00f3n N.\u00ba 240 de Decano ad refer\u00e9ndum del Consejo Directivo s\/aval la \u201cDiplomatura en Econom\u00eda Social y Solidaria, con Perspectiva de G\u00e9nero\u201d, a dictarse entre septiembre y diciembre de 2020.M.I.: Spangaro<br \/>\n38. Expte. 786:Solicitud de aval institucional para las \u201cIII Jornadas Audiovisuales. La Comunicaci\u00f3n Audiovisual: Nuevas Tecnolog\u00edas \u2013Nuevas Narrativas\u201d. M.I.: Monasterio<br \/>\n39. Expte. 794: Solicitud de aval acad\u00e9mico e institucional para las \u201cPensando la Intervenci\u00f3n Participativa. Aportes metodol\u00f3gicos desde el Trabajo Social Comunitario\u201d, a realizarse el 17 de octubre por plataforma Zoom. M.I.: Catrileo Salazar<br \/>\n40. Expte. 769: Solicitud de aval institucional Revista Jur\u00eddica \u201cIUS Comahue\u201d. M.I.: Ambroggio<br \/>\n41. Expte. 749: Solicitud de aval institucional para el curso de servicio a la Comunidad sobre \u201cEl ABC del Community Manager\u201d a cargo de Sof\u00eda Alicio. M.I.: Ambroggio<br \/>\n42. Expte. 758:Solicitud de ratificaci\u00f3n de la Resoluci\u00f3n N.\u00ba 139 de Decano ad refer\u00e9ndum del CD s\/aval acad\u00e9mico e institucional al \u201cXVI Congreso de Acompa\u00f1amiento Terap\u00e9utico 2020\u201d. M.I.: Catrileo Salazar<br \/>\n43. Expte. 759:Solicitud de ratificaci\u00f3n de la Resoluci\u00f3n N.\u00ba 146 de Decano ad refer\u00e9ndum del CD s\/aval institucional a \u201cEl primer evento de coworking digital: 60 minutos de enfoque\u201d. M.I.: Ambroggio<br \/>\n44. Expte. 761: Solicitud de ratificaci\u00f3n de la Resoluci\u00f3n N.\u00ba 145 de Decano ad refer\u00e9ndum del CD s\/avalacad\u00e9mico e institucional al \u201c4to. Congreso Nacional de Estudiantes de Trabajo Social \u2013CONETS en Casa\u201d.M.I.: Ambroggio<br \/>\n45. Expte. 762:Solicitud de ratificaci\u00f3n de la Resoluci\u00f3n N.\u00ba 165 de Decano ad refer\u00e9ndum del CD s\/aval institucional al \u201cCiclo de Formaci\u00f3n Interna en Comunicaci\u00f3n y Salud\u201d. M.I.: Monasterio<br \/>\n46. Expte. 768:Solicitud de ratificaci\u00f3n de la Resoluci\u00f3n N.\u00ba 142 de Decano ad refer\u00e9ndum del Consejo Directivo s\/Aval institucional al curso-taller de Lenguaje de Se\u00f1as Argentina, modalidad virtual. M.I.: Andrade<br \/>\n47. Expte. 787: Solicitud de ratificaci\u00f3n de la Resoluci\u00f3n N.\u00ba 248 de Decano ad refer\u00e9ndum del Consejo Directivo s\/aval institucional al \u201cCurso de Lengua de Se\u00f1as\u201d dirigido a los bomberos voluntarios de Ing. Huergo. M.I.: Monasterio<br \/>\n48.Expte. 796: Solicitud de designaci\u00f3n de la Prof. M. Teresa Bernardi como tutora pedag\u00f3gica de la estudiante Aldana Lucia Sandoval para pasant\u00eda en ISSAG.M.I.: Monasterio<br \/>\n49. Expte. 755:Solicitud de ratificaci\u00f3n de la Resoluci\u00f3n N.\u00ba 134 de Decano ad refer\u00e9ndum del CD s\/designaci\u00f3n de tutores institucional y pedag\u00f3gico para estudiante Jorgelina Llanos (Beca PPU). M.I.: Monasterio<br \/>\nIngresos sobre tablas:<br \/>\nPedido de renovaci\u00f3n de las pasant\u00edas en el Poder Judicial de R\u00edo Negro para los estudiantes pasantes para el 2021. (Ingresado por unanimidad)<br \/>\nPronunciamiento en contra de la criminalizaci\u00f3n de asentamientos por la vivienda vivienda digna. (Ingresado por mayor\u00eda)<\/p>\n","protected":false},"excerpt":{"rendered":"<p>El Consejo Directivo de la Facultad de Derecho y Ciencias Sociales de la Universidad Nacional del Comahue reanudar\u00e1 su tercera sesi\u00f3n Ordinaria de 2020 este mi\u00e9rcoles 21 de octubre, a las 15. Se recuerda a las\/los Consejeras\/os Directivas\/os que para participar deber\u00e1n ingresar a la plataforma de reuniones mediadas por tecnolog\u00eda Reuniones UNComa (http:\/\/reuniones.uncoma.edu.ar) con [&hellip;]<\/p>\n","protected":false},"author":2,"featured_media":4091,"comment_status":"open","ping_status":"open","sticky":false,"template":"","format":"standard","meta":{"footnotes":""},"categories":[39,4,5],"tags":[],"class_list":["post-9136","post","type-post","status-publish","format-standard","has-post-thumbnail","hentry","category-39","category-consejo-directivo","category-notifadecs"],"_links":{"self":[{"href":"https:\/\/fadeweb.uncoma.edu.ar\/index.php\/wp-json\/wp\/v2\/posts\/9136","targetHints":{"allow":["GET"]}}],"collection":[{"href":"https:\/\/fadeweb.uncoma.edu.ar\/index.php\/wp-json\/wp\/v2\/posts"}],"about":[{"href":"https:\/\/fadeweb.uncoma.edu.ar\/index.php\/wp-json\/wp\/v2\/types\/post"}],"author":[{"embeddable":true,"href":"https:\/\/fadeweb.uncoma.edu.ar\/index.php\/wp-json\/wp\/v2\/users\/2"}],"replies":[{"embeddable":true,"href":"https:\/\/fadeweb.uncoma.edu.ar\/index.php\/wp-json\/wp\/v2\/comments?post=9136"}],"version-history":[{"count":2,"href":"https:\/\/fadeweb.uncoma.edu.ar\/index.php\/wp-json\/wp\/v2\/posts\/9136\/revisions"}],"predecessor-version":[{"id":9174,"href":"https:\/\/fadeweb.uncoma.edu.ar\/index.php\/wp-json\/wp\/v2\/posts\/9136\/revisions\/9174"}],"wp:featuredmedia":[{"embeddable":true,"href":"https:\/\/fadeweb.uncoma.edu.ar\/index.php\/wp-json\/wp\/v2\/media\/4091"}],"wp:attachment":[{"href":"https:\/\/fadeweb.uncoma.edu.ar\/index.php\/wp-json\/wp\/v2\/media?parent=9136"}],"wp:term":[{"taxonomy":"category","embeddable":true,"href":"https:\/\/fadeweb.uncoma.edu.ar\/index.php\/wp-json\/wp\/v2\/categories?post=9136"},{"taxonomy":"post_tag","embeddable":true,"href":"https:\/\/fadeweb.uncoma.edu.ar\/index.php\/wp-json\/wp\/v2\/tags?post=9136"}],"curies":[{"name":"wp","href":"https:\/\/api.w.org\/{rel}","templated":true}]}}