{"id":9106,"date":"2020-10-26T08:17:31","date_gmt":"2020-10-26T11:17:31","guid":{"rendered":"http:\/\/170.210.81.106\/newfade\/?p=9106"},"modified":"2022-10-31T08:18:14","modified_gmt":"2022-10-31T11:18:14","slug":"el-decano-de-la-fadecs-unco-lic-andres-ponce-de-leon-preside-el-codesoc","status":"publish","type":"post","link":"https:\/\/fadeweb.uncoma.edu.ar\/index.php\/2020\/10\/26\/el-decano-de-la-fadecs-unco-lic-andres-ponce-de-leon-preside-el-codesoc\/","title":{"rendered":"EL DECANO DE LA FADECS-UNCO, LIC. ANDR\u00c9S PONCE DE LE\u00d3N, PRESIDE EL CODESOC"},"content":{"rendered":"<p class=\"subt1\"><img fetchpriority=\"high\" decoding=\"async\" class=\"alignnone size-large wp-image-9107\" src=\"https:\/\/fadeweb.uncoma.edu.ar\/wp-content\/uploads\/2022\/10\/andresponcedeleon-1024x608.jpg\" alt=\"\" width=\"800\" height=\"475\" srcset=\"https:\/\/fadeweb.uncoma.edu.ar\/wp-content\/uploads\/2022\/10\/andresponcedeleon-1024x608.jpg 1024w, https:\/\/fadeweb.uncoma.edu.ar\/wp-content\/uploads\/2022\/10\/andresponcedeleon-300x178.jpg 300w, https:\/\/fadeweb.uncoma.edu.ar\/wp-content\/uploads\/2022\/10\/andresponcedeleon-768x456.jpg 768w, https:\/\/fadeweb.uncoma.edu.ar\/wp-content\/uploads\/2022\/10\/andresponcedeleon.jpg 1097w\" sizes=\"(max-width: 800px) 100vw, 800px\" \/><\/p>\n<p class=\"texto\">Desde el Consejo de Decanas y Decanos de las Facultades de Ciencias Sociales y Humanas de la Rep\u00fablica Argentina (CODESOC) felicitaron la gesti\u00f3n de la Lic. Patricia Breppe como presidenta durante este a\u00f1o. Y, al mismo tiempo, en el marco del XXXIV Plenario realizado el viernes 23 de octubre de 2020, anunciaron formalmente la asunci\u00f3n a la presidencia del Consejo el Decano de la FADECS-UNCo, Lic. Andr\u00e9s Ponce de Le\u00f3n.<\/p>\n<p class=\"texto\">Desde el Departamento de Posgrado de la FADECS felicitaron al decano Ponce de Le\u00f3n, quien dirige en la actualidad la Carrera de Posgrado Especializaci\u00f3n en Trabajo Social Forense en la misma facultad.<\/p>\n<p class=\"texto\">El Equipo de trabajo que acompa\u00f1a a nuestro decano en el cogobierno de esta casa de estudios, Secretarias\/os, Directoras\/es de Departamento, y la comunidad universitaria en general, saludan al Lic. Ponce de Le\u00f3n y le augura una exitosa gesti\u00f3n en la presidencia del CODESOC.<\/p>\n","protected":false},"excerpt":{"rendered":"<p>Desde el Consejo de Decanas y Decanos de las Facultades de Ciencias Sociales y Humanas de la Rep\u00fablica Argentina (CODESOC) felicitaron la gesti\u00f3n de la Lic. Patricia Breppe como presidenta durante este a\u00f1o. Y, al mismo tiempo, en el marco del XXXIV Plenario realizado el viernes 23 de octubre de 2020, anunciaron formalmente la asunci\u00f3n [&hellip;]<\/p>\n","protected":false},"author":2,"featured_media":9107,"comment_status":"open","ping_status":"open","sticky":false,"template":"","format":"standard","meta":{"footnotes":""},"categories":[39,5],"tags":[],"class_list":["post-9106","post","type-post","status-publish","format-standard","has-post-thumbnail","hentry","category-39","category-notifadecs"],"_links":{"self":[{"href":"https:\/\/fadeweb.uncoma.edu.ar\/index.php\/wp-json\/wp\/v2\/posts\/9106","targetHints":{"allow":["GET"]}}],"collection":[{"href":"https:\/\/fadeweb.uncoma.edu.ar\/index.php\/wp-json\/wp\/v2\/posts"}],"about":[{"href":"https:\/\/fadeweb.uncoma.edu.ar\/index.php\/wp-json\/wp\/v2\/types\/post"}],"author":[{"embeddable":true,"href":"https:\/\/fadeweb.uncoma.edu.ar\/index.php\/wp-json\/wp\/v2\/users\/2"}],"replies":[{"embeddable":true,"href":"https:\/\/fadeweb.uncoma.edu.ar\/index.php\/wp-json\/wp\/v2\/comments?post=9106"}],"version-history":[{"count":1,"href":"https:\/\/fadeweb.uncoma.edu.ar\/index.php\/wp-json\/wp\/v2\/posts\/9106\/revisions"}],"predecessor-version":[{"id":9108,"href":"https:\/\/fadeweb.uncoma.edu.ar\/index.php\/wp-json\/wp\/v2\/posts\/9106\/revisions\/9108"}],"wp:featuredmedia":[{"embeddable":true,"href":"https:\/\/fadeweb.uncoma.edu.ar\/index.php\/wp-json\/wp\/v2\/media\/9107"}],"wp:attachment":[{"href":"https:\/\/fadeweb.uncoma.edu.ar\/index.php\/wp-json\/wp\/v2\/media?parent=9106"}],"wp:term":[{"taxonomy":"category","embeddable":true,"href":"https:\/\/fadeweb.uncoma.edu.ar\/index.php\/wp-json\/wp\/v2\/categories?post=9106"},{"taxonomy":"post_tag","embeddable":true,"href":"https:\/\/fadeweb.uncoma.edu.ar\/index.php\/wp-json\/wp\/v2\/tags?post=9106"}],"curies":[{"name":"wp","href":"https:\/\/api.w.org\/{rel}","templated":true}]}}