{"id":9101,"date":"2020-10-28T08:14:42","date_gmt":"2020-10-28T11:14:42","guid":{"rendered":"http:\/\/170.210.81.106\/newfade\/?p=9101"},"modified":"2022-10-31T08:15:17","modified_gmt":"2022-10-31T11:15:17","slug":"se-reunio-el-laboratorio-internacional-del-proyecto-ciudades-de-ninas-y-ninos","status":"publish","type":"post","link":"https:\/\/fadeweb.uncoma.edu.ar\/index.php\/2020\/10\/28\/se-reunio-el-laboratorio-internacional-del-proyecto-ciudades-de-ninas-y-ninos\/","title":{"rendered":"SE REUNI\u00d3 EL LABORATORIO INTERNACIONAL DEL PROYECTO CIUDADES DE NI\u00d1AS Y NI\u00d1OS"},"content":{"rendered":"<p class=\"subt1\"><img fetchpriority=\"high\" decoding=\"async\" class=\"alignnone size-large wp-image-9102\" src=\"https:\/\/fadeweb.uncoma.edu.ar\/wp-content\/uploads\/2022\/10\/Reunion-Laboratorio-2020-10-26-1024x575.jpeg\" alt=\"\" width=\"800\" height=\"449\" srcset=\"https:\/\/fadeweb.uncoma.edu.ar\/wp-content\/uploads\/2022\/10\/Reunion-Laboratorio-2020-10-26-1024x575.jpeg 1024w, https:\/\/fadeweb.uncoma.edu.ar\/wp-content\/uploads\/2022\/10\/Reunion-Laboratorio-2020-10-26-300x169.jpeg 300w, https:\/\/fadeweb.uncoma.edu.ar\/wp-content\/uploads\/2022\/10\/Reunion-Laboratorio-2020-10-26-768x431.jpeg 768w, https:\/\/fadeweb.uncoma.edu.ar\/wp-content\/uploads\/2022\/10\/Reunion-Laboratorio-2020-10-26.jpeg 1280w\" sizes=\"(max-width: 800px) 100vw, 800px\" \/><\/p>\n<p class=\"texto\">El Decano de la Facultad de Derecho y Ciencias Sociales Lic. Andr\u00e9s Ponce de Le\u00f3n y referentes del Laboratorio Internacional del Proyecto Ciudades de Ni\u00f1as y Ni\u00f1os se reunieron en forma remota el lunes 26 de octubre para avanzar en programas de formaci\u00f3n. Adem\u00e1s de contar con la presencia del pedagogo italiano y fundador del proyecto Francesco Tonucci, participaron del encuentro referentes de la Red de Latinoam\u00e9rica, Lorena Morachimo y Paula Querido. En representaci\u00f3n de la FADECS estuvo presente la Prof. Rita Rodr\u00edguez quien conjuntamente con la Lic. Julieta Ronzoni integran el Consejo Local de Ni\u00f1ez y Adolescencia-CoNyA.<\/p>\n<p class=\"texto\">Durante el encuentro se realizaron acuerdos con vistas a avanzar en la presentaci\u00f3n de un proyecto para el dictado de una Diplomatura en Ni\u00f1ez y Participaci\u00f3n Ciudadana, con alcances para la provincia de R\u00edo Negro. La Universidad Nacional del Comahue cuenta con antecedentes de formaci\u00f3n enmarcados en acuerdos firmados con la provincia de Neuqu\u00e9n, donde se est\u00e1 desarrollando la segunda edici\u00f3n.<\/p>\n<p class=\"texto\">De esta manera se abre una posibilidad de formaci\u00f3n destinada a profesionales y operadores de la provincia de R\u00edo Negro en una tem\u00e1tica donde no solo se profundizar\u00e1 en el conocimiento del Proyecto Ciudades de Ni\u00f1as y Ni\u00f1os Ciudadanos sino tambi\u00e9n en las directrices de la CDN, que por otra parte guardan total concordancia con las normativas contenidas en la Ley Nacional N\u00b0 26.601 de Protecci\u00f3n Integral de los Derechos de Ni\u00f1as, Ni\u00f1os y Adolescentes (2005) y de la Ley Provincial 4109 de Protecci\u00f3n Integral de Ni\u00f1ez y Adolescencia de la Provincia de R\u00edo Negro (2006).<\/p>\n<p class=\"texto\">Cabe mencionar que la ciudad de General Roca ha adherido desde el a\u00f1o 2017 a la Red Internacional \u201cLa ciudad de las ni\u00f1as y de los ni\u00f1os\u201d, forma parte de la Red Latinoamericana y Argentina y cuenta con una importante trayectoria promoviendo acciones de participaci\u00f3n infantil. Existen antecedentes de conformaci\u00f3n de Consejos de Ni\u00f1as\/os desde hace siete a\u00f1os dependientes del Consejo Local de Ni\u00f1ez y Adolescencia de la localidad (CONYA) del cual la FADECS es participante activa.<\/p>\n<p class=\"texto\">Es de destacar que el Consejo Local, en virtud de lo dispuesto en su Ordenanza de creaci\u00f3n, ha asumido el rol de capacitador no solo a nivel local y est\u00e1 trabajando en otras localidades de R\u00edo Negro, sensibilizando acerca de la importancia de la participaci\u00f3n infantil, promoviendo la creaci\u00f3n de consejos de ni\u00f1as\/os y acompa\u00f1ando estos procesos en localidades tales como Sierra Colorada, Catriel y Jacobacci.<\/p>\n<p class=\"texto\">Contar con esta diplomatura permitir\u00e1 afianzar y hacer crecer esta Red Rionegrina de Ciudades, con formaci\u00f3n espec\u00edfica, siguiendo los lineamientos filos\u00f3ficos y metodol\u00f3gicos del Proyecto Ciudad de Los Ni\u00f1os.<\/p>\n","protected":false},"excerpt":{"rendered":"<p>El Decano de la Facultad de Derecho y Ciencias Sociales Lic. Andr\u00e9s Ponce de Le\u00f3n y referentes del Laboratorio Internacional del Proyecto Ciudades de Ni\u00f1as y Ni\u00f1os se reunieron en forma remota el lunes 26 de octubre para avanzar en programas de formaci\u00f3n. Adem\u00e1s de contar con la presencia del pedagogo italiano y fundador del [&hellip;]<\/p>\n","protected":false},"author":2,"featured_media":9102,"comment_status":"open","ping_status":"open","sticky":false,"template":"","format":"standard","meta":{"footnotes":""},"categories":[39,5],"tags":[],"class_list":["post-9101","post","type-post","status-publish","format-standard","has-post-thumbnail","hentry","category-39","category-notifadecs"],"_links":{"self":[{"href":"https:\/\/fadeweb.uncoma.edu.ar\/index.php\/wp-json\/wp\/v2\/posts\/9101","targetHints":{"allow":["GET"]}}],"collection":[{"href":"https:\/\/fadeweb.uncoma.edu.ar\/index.php\/wp-json\/wp\/v2\/posts"}],"about":[{"href":"https:\/\/fadeweb.uncoma.edu.ar\/index.php\/wp-json\/wp\/v2\/types\/post"}],"author":[{"embeddable":true,"href":"https:\/\/fadeweb.uncoma.edu.ar\/index.php\/wp-json\/wp\/v2\/users\/2"}],"replies":[{"embeddable":true,"href":"https:\/\/fadeweb.uncoma.edu.ar\/index.php\/wp-json\/wp\/v2\/comments?post=9101"}],"version-history":[{"count":1,"href":"https:\/\/fadeweb.uncoma.edu.ar\/index.php\/wp-json\/wp\/v2\/posts\/9101\/revisions"}],"predecessor-version":[{"id":9103,"href":"https:\/\/fadeweb.uncoma.edu.ar\/index.php\/wp-json\/wp\/v2\/posts\/9101\/revisions\/9103"}],"wp:featuredmedia":[{"embeddable":true,"href":"https:\/\/fadeweb.uncoma.edu.ar\/index.php\/wp-json\/wp\/v2\/media\/9102"}],"wp:attachment":[{"href":"https:\/\/fadeweb.uncoma.edu.ar\/index.php\/wp-json\/wp\/v2\/media?parent=9101"}],"wp:term":[{"taxonomy":"category","embeddable":true,"href":"https:\/\/fadeweb.uncoma.edu.ar\/index.php\/wp-json\/wp\/v2\/categories?post=9101"},{"taxonomy":"post_tag","embeddable":true,"href":"https:\/\/fadeweb.uncoma.edu.ar\/index.php\/wp-json\/wp\/v2\/tags?post=9101"}],"curies":[{"name":"wp","href":"https:\/\/api.w.org\/{rel}","templated":true}]}}