{"id":9094,"date":"2020-10-30T07:39:15","date_gmt":"2020-10-30T10:39:15","guid":{"rendered":"http:\/\/170.210.81.106\/newfade\/?p=9094"},"modified":"2022-10-31T07:39:54","modified_gmt":"2022-10-31T10:39:54","slug":"convocatoria-pisac-covid-19-selecciona-proyectos-de-fadecs-unco","status":"publish","type":"post","link":"https:\/\/fadeweb.uncoma.edu.ar\/index.php\/2020\/10\/30\/convocatoria-pisac-covid-19-selecciona-proyectos-de-fadecs-unco\/","title":{"rendered":"CONVOCATORIA PISAC-COVID-19 SELECCIONA PROYECTOS DE FADECS-UNCO"},"content":{"rendered":"<p class=\"subt1\"><img fetchpriority=\"high\" decoding=\"async\" class=\"alignnone size-full wp-image-1695\" src=\"https:\/\/fadeweb.uncoma.edu.ar\/wp-content\/uploads\/2022\/06\/inves800-a.jpg\" alt=\"\" width=\"800\" height=\"222\" srcset=\"https:\/\/fadeweb.uncoma.edu.ar\/wp-content\/uploads\/2022\/06\/inves800-a.jpg 800w, https:\/\/fadeweb.uncoma.edu.ar\/wp-content\/uploads\/2022\/06\/inves800-a-300x83.jpg 300w, https:\/\/fadeweb.uncoma.edu.ar\/wp-content\/uploads\/2022\/06\/inves800-a-768x213.jpg 768w\" sizes=\"(max-width: 800px) 100vw, 800px\" \/><\/p>\n<p class=\"texto\">La Secretar\u00eda de Ciencia y T\u00e9cnica y Relaciones Internacionales de la FADECS-UNCo informa que investigadoras\/es de nuestra casa de estudios integran proyectos de investigaci\u00f3n seleccionados en el marco de la Convocatoria PISAC-COVID-19 \u201cLa sociedad argentina en la Postpandemia\u201d.<\/p>\n<p class=\"texto\">As\u00ed, la investigadora Delfina Garino (FADECS-UNCo\/IPEHCS CONICET-UNCo) es la responsable por el Nodo Comahue del proyecto \u201cLa reconfiguraci\u00f3n de las desigualdades vinculadas a la educaci\u00f3n secundaria argentina en situaci\u00f3n de pandemia\/postpandemia\u201d.<\/p>\n<p class=\"texto\">En tanto que, en el marco del proyecto titulado \u201cIdentidades, experiencias y discursos sociales en conflicto en torno a la pandemia y la pospandemia: un estudio multidimensional sobre las incertidumbres, odios, solidaridades, cuidados y expectativas desiguales en todas las regiones de Argentina\u201d, el Dr. Mart\u00edn E. Diaz (IPEHCS-UNCo-CONICET) ser\u00e1 el Investigador responsable del Nodo Comahue por parte de la Facultad de Humanidades (UNCo) y el Mg. Julio Monasterio (UNCo) ser\u00e1 uno de los responsables de la subred \u201cRepresentaciones, Identidades y tensiones en los territorios\u201d. El proyecto cuenta, adem\u00e1s, con una direcci\u00f3n general del Dr. Javier Balsa (UNQui).<\/p>\n","protected":false},"excerpt":{"rendered":"<p>La Secretar\u00eda de Ciencia y T\u00e9cnica y Relaciones Internacionales de la FADECS-UNCo informa que investigadoras\/es de nuestra casa de estudios integran proyectos de investigaci\u00f3n seleccionados en el marco de la Convocatoria PISAC-COVID-19 \u201cLa sociedad argentina en la Postpandemia\u201d. As\u00ed, la investigadora Delfina Garino (FADECS-UNCo\/IPEHCS CONICET-UNCo) es la responsable por el Nodo Comahue del proyecto \u201cLa [&hellip;]<\/p>\n","protected":false},"author":2,"featured_media":1695,"comment_status":"open","ping_status":"open","sticky":false,"template":"","format":"standard","meta":{"footnotes":""},"categories":[39,5],"tags":[],"class_list":["post-9094","post","type-post","status-publish","format-standard","has-post-thumbnail","hentry","category-39","category-notifadecs"],"_links":{"self":[{"href":"https:\/\/fadeweb.uncoma.edu.ar\/index.php\/wp-json\/wp\/v2\/posts\/9094","targetHints":{"allow":["GET"]}}],"collection":[{"href":"https:\/\/fadeweb.uncoma.edu.ar\/index.php\/wp-json\/wp\/v2\/posts"}],"about":[{"href":"https:\/\/fadeweb.uncoma.edu.ar\/index.php\/wp-json\/wp\/v2\/types\/post"}],"author":[{"embeddable":true,"href":"https:\/\/fadeweb.uncoma.edu.ar\/index.php\/wp-json\/wp\/v2\/users\/2"}],"replies":[{"embeddable":true,"href":"https:\/\/fadeweb.uncoma.edu.ar\/index.php\/wp-json\/wp\/v2\/comments?post=9094"}],"version-history":[{"count":1,"href":"https:\/\/fadeweb.uncoma.edu.ar\/index.php\/wp-json\/wp\/v2\/posts\/9094\/revisions"}],"predecessor-version":[{"id":9095,"href":"https:\/\/fadeweb.uncoma.edu.ar\/index.php\/wp-json\/wp\/v2\/posts\/9094\/revisions\/9095"}],"wp:featuredmedia":[{"embeddable":true,"href":"https:\/\/fadeweb.uncoma.edu.ar\/index.php\/wp-json\/wp\/v2\/media\/1695"}],"wp:attachment":[{"href":"https:\/\/fadeweb.uncoma.edu.ar\/index.php\/wp-json\/wp\/v2\/media?parent=9094"}],"wp:term":[{"taxonomy":"category","embeddable":true,"href":"https:\/\/fadeweb.uncoma.edu.ar\/index.php\/wp-json\/wp\/v2\/categories?post=9094"},{"taxonomy":"post_tag","embeddable":true,"href":"https:\/\/fadeweb.uncoma.edu.ar\/index.php\/wp-json\/wp\/v2\/tags?post=9094"}],"curies":[{"name":"wp","href":"https:\/\/api.w.org\/{rel}","templated":true}]}}