{"id":9091,"date":"2020-10-30T07:38:22","date_gmt":"2020-10-30T10:38:22","guid":{"rendered":"http:\/\/170.210.81.106\/newfade\/?p=9091"},"modified":"2022-10-31T07:38:58","modified_gmt":"2022-10-31T10:38:58","slug":"la-importancia-del-autocuidado","status":"publish","type":"post","link":"https:\/\/fadeweb.uncoma.edu.ar\/index.php\/2020\/10\/30\/la-importancia-del-autocuidado\/","title":{"rendered":"LA IMPORTANCIA DEL AUTOCUIDADO"},"content":{"rendered":"<p class=\"subt1\"><img fetchpriority=\"high\" decoding=\"async\" class=\"alignnone size-full wp-image-9092\" src=\"https:\/\/fadeweb.uncoma.edu.ar\/wp-content\/uploads\/2022\/10\/cancer.jpg\" alt=\"\" width=\"800\" height=\"600\" srcset=\"https:\/\/fadeweb.uncoma.edu.ar\/wp-content\/uploads\/2022\/10\/cancer.jpg 800w, https:\/\/fadeweb.uncoma.edu.ar\/wp-content\/uploads\/2022\/10\/cancer-300x225.jpg 300w, https:\/\/fadeweb.uncoma.edu.ar\/wp-content\/uploads\/2022\/10\/cancer-768x576.jpg 768w\" sizes=\"(max-width: 800px) 100vw, 800px\" \/><\/p>\n<p class=\"texto\">Se realiz\u00f3 el mi\u00e9rcoles 28 de octubre, v\u00eda Zoom, la charla sobre aspectos m\u00e9dicos del c\u00e1ncer de mama, a cargo de la m\u00e9dica Natali Grippo, y con la participaci\u00f3n de Dora Rego, presidenta de la Asociaci\u00f3n Centro de Prevenci\u00f3n del C\u00e1ncer (Ceprec) de General Roca. El encuentro, enmarcado en el \u201cMes de concientizaci\u00f3n sobre C\u00e1ncer de Mama\u00bb establecido por la Organizaci\u00f3n Mundial de la Salud, cont\u00f3 con la asistencia de unos treinta participantes. De esta manera, desde la Secretar\u00eda de Extensi\u00f3n de la FADECS-UNCo se dio continuidad al ciclo de encuentros anuales, gratuitos y abiertos a la comunidad, orientados a generar conciencia en la poblaci\u00f3n sobre la importancia de las campa\u00f1as de Prevenci\u00f3n y Detecci\u00f3n Precoz del C\u00e1ncer de Mama.<\/p>\n","protected":false},"excerpt":{"rendered":"<p>Se realiz\u00f3 el mi\u00e9rcoles 28 de octubre, v\u00eda Zoom, la charla sobre aspectos m\u00e9dicos del c\u00e1ncer de mama, a cargo de la m\u00e9dica Natali Grippo, y con la participaci\u00f3n de Dora Rego, presidenta de la Asociaci\u00f3n Centro de Prevenci\u00f3n del C\u00e1ncer (Ceprec) de General Roca. El encuentro, enmarcado en el \u201cMes de concientizaci\u00f3n sobre C\u00e1ncer [&hellip;]<\/p>\n","protected":false},"author":2,"featured_media":9092,"comment_status":"open","ping_status":"open","sticky":false,"template":"","format":"standard","meta":{"footnotes":""},"categories":[39,5],"tags":[],"class_list":["post-9091","post","type-post","status-publish","format-standard","has-post-thumbnail","hentry","category-39","category-notifadecs"],"_links":{"self":[{"href":"https:\/\/fadeweb.uncoma.edu.ar\/index.php\/wp-json\/wp\/v2\/posts\/9091","targetHints":{"allow":["GET"]}}],"collection":[{"href":"https:\/\/fadeweb.uncoma.edu.ar\/index.php\/wp-json\/wp\/v2\/posts"}],"about":[{"href":"https:\/\/fadeweb.uncoma.edu.ar\/index.php\/wp-json\/wp\/v2\/types\/post"}],"author":[{"embeddable":true,"href":"https:\/\/fadeweb.uncoma.edu.ar\/index.php\/wp-json\/wp\/v2\/users\/2"}],"replies":[{"embeddable":true,"href":"https:\/\/fadeweb.uncoma.edu.ar\/index.php\/wp-json\/wp\/v2\/comments?post=9091"}],"version-history":[{"count":1,"href":"https:\/\/fadeweb.uncoma.edu.ar\/index.php\/wp-json\/wp\/v2\/posts\/9091\/revisions"}],"predecessor-version":[{"id":9093,"href":"https:\/\/fadeweb.uncoma.edu.ar\/index.php\/wp-json\/wp\/v2\/posts\/9091\/revisions\/9093"}],"wp:featuredmedia":[{"embeddable":true,"href":"https:\/\/fadeweb.uncoma.edu.ar\/index.php\/wp-json\/wp\/v2\/media\/9092"}],"wp:attachment":[{"href":"https:\/\/fadeweb.uncoma.edu.ar\/index.php\/wp-json\/wp\/v2\/media?parent=9091"}],"wp:term":[{"taxonomy":"category","embeddable":true,"href":"https:\/\/fadeweb.uncoma.edu.ar\/index.php\/wp-json\/wp\/v2\/categories?post=9091"},{"taxonomy":"post_tag","embeddable":true,"href":"https:\/\/fadeweb.uncoma.edu.ar\/index.php\/wp-json\/wp\/v2\/tags?post=9091"}],"curies":[{"name":"wp","href":"https:\/\/api.w.org\/{rel}","templated":true}]}}