{"id":9071,"date":"2020-11-04T07:31:14","date_gmt":"2020-11-04T10:31:14","guid":{"rendered":"http:\/\/170.210.81.106\/newfade\/?p=9071"},"modified":"2022-10-31T07:31:49","modified_gmt":"2022-10-31T10:31:49","slug":"estan-abiertas-las-inscripciones-al-seminario-de-juego-y-participacion","status":"publish","type":"post","link":"https:\/\/fadeweb.uncoma.edu.ar\/index.php\/2020\/11\/04\/estan-abiertas-las-inscripciones-al-seminario-de-juego-y-participacion\/","title":{"rendered":"EST\u00c1N ABIERTAS LAS INSCRIPCIONES AL SEMINARIO DE JUEGO Y PARTICIPACI\u00d3N"},"content":{"rendered":"<p><img fetchpriority=\"high\" decoding=\"async\" class=\"alignnone size-large wp-image-9072\" src=\"https:\/\/fadeweb.uncoma.edu.ar\/wp-content\/uploads\/2022\/10\/flyer-seminario-819x1024.jpeg\" alt=\"\" width=\"800\" height=\"1000\" srcset=\"https:\/\/fadeweb.uncoma.edu.ar\/wp-content\/uploads\/2022\/10\/flyer-seminario-819x1024.jpeg 819w, https:\/\/fadeweb.uncoma.edu.ar\/wp-content\/uploads\/2022\/10\/flyer-seminario-240x300.jpeg 240w, https:\/\/fadeweb.uncoma.edu.ar\/wp-content\/uploads\/2022\/10\/flyer-seminario-768x960.jpeg 768w, https:\/\/fadeweb.uncoma.edu.ar\/wp-content\/uploads\/2022\/10\/flyer-seminario.jpeg 1024w\" sizes=\"(max-width: 800px) 100vw, 800px\" \/><\/p>\n<p>La capacitaci\u00f3n est\u00e1 destinada a educadores, referentes y todas aquellas personas que se desempe\u00f1en en \u00e1mbitos que potencien la participaci\u00f3n de ni\u00f1as, ni\u00f1os y adolescentes y surge de un convenio entre la UNco y los ministerios de Desarrollo Social y Trabajoy de Ni\u00f1ez, Adolescencia y Juventud .<\/p>\n<p>El pr\u00f3ximo 13 de noviembre comenzar\u00e1 el Seminario de Grado \u00abJuego y Participaci\u00f3n de Ni\u00f1as, Ni\u00f1os y Adolescentes\u00bb a partir de un convenio entre la Facultad de Derecho y Ciencias Sociales de la Universidad Nacional del Comahue (UNCo), y los ministerios de Ni\u00f1ez, Adolescencia y Juventud, y de Desarrollo Social y Trabajo de la Provincia.<\/p>\n<p>La capacitaci\u00f3n tendr\u00e1 lugar entre noviembre de 2020 y abril de 2021, con un total de 60 horas y est\u00e1 destinada a un arco amplio de perfiles, manteniendo siempre la especificidad de su foco en la participaci\u00f3n de ni\u00f1as y ni\u00f1os y adolescentes. As\u00ed, la propuesta se abre a docentes de todos los niveles educativos, en especial inicial y primario, coordinadores y referentes de espacios de participaci\u00f3n, estudiantes y\/o profesionales con desempe\u00f1o en organizaciones sociales y territoriales, integrantes de organizaciones de la sociedad civil y funcionarios que se desempe\u00f1an en la administraci\u00f3n p\u00fablica nacional, provincial y municipal.<\/p>\n<p>La pre inscripci\u00f3n se realizar\u00e1 por el portal Cumbre del ministerio de Desarrollo Social y Trabajo, y los encuentros virtuales ser\u00e1n por Zoom de manera quincenal, los d\u00edas viernes de 16 a 19 horas. Adem\u00e1s, se utilizar\u00e1 en el transcurso del seminario otra herramienta desarrollada por el Ministerio, la plataforma educativa K\u00fcmen. Esta permitir\u00e1 compartir material bibliogr\u00e1fico, recibir tareas, desarrollar tests, promover debates, chats, obtener estad\u00edsticas de evaluaci\u00f3n que permitan establecer actividades de aprendizaje.<\/p>\n<p>Las actividades antes mencionadas se complementar\u00e1n con encuentros presenciales en el futuro, cuando las condiciones sanitarias est\u00e9n dadas, y con trabajo territorial que realicen los estudiantes en sus respectivas localidades, como parte de la etapa de evaluaci\u00f3n.<\/p>\n<p>La ministra de Ni\u00f1ez, Adolescencia y Juventud, Sofia Sanucci Gim\u00e9nez, destac\u00f3 y celebr\u00f3 el seminario y el trabajo coordinado entre ambos ministerios y la universidad: \u201cconvencidos que la formaci\u00f3n es una herramienta fundamental m\u00e1s en estos tiempos de pandemia para la transformaci\u00f3n social y sobre todo para cambiar las realidades. Es un dispositivo para multiplicar y federalizar pol\u00edticas p\u00fablicas en todo el territorio de la provincia del Neuqu\u00e9n\u201d.<\/p>\n<p>Por su parte, la ministra de Desarrollo Social y Trabajo, Adriana Figueroa, resalt\u00f3 la iniciativa tripartita: \u201ces muy importante que los dos Ministerios, junto a la Universidad del Comahue, acordemos un espacio de formaci\u00f3n en donde se ponga en relevancia la importancia del juego como un espacio y una herramienta de aprendizaje para los ni\u00f1os, ni\u00f1as y adolescentes. A trav\u00e9s del juego expresamos emociones y sentimientos, aprendemos reglas, nos vinculamos con otros, cooperamos, imaginamos y conocemos la realidad que nos rodea\u201d.<\/p>\n<p>El Decano de la Facultad de Derecho y Ciencias Sociales, Lic. Andr\u00e9s Ponce de Le\u00f3n expres\u00f3 que \u201cpara la FADECS-UNCO est\u00e1 actividad se encuadra en las tareas de extensi\u00f3n universitaria y transferencia de conocimientos, promoviendo la capacitaci\u00f3n permanente de profesionales y t\u00e9cnicos de la regi\u00f3n.<\/p>\n<p>Entendemos que con este tipo de acciones conjuntas con el gobierno de la Provincia de Neuqu\u00e9n mantenemos vigente el compromiso asumido de cumplir con la funci\u00f3n social de la universidad y promovemos acciones que redunden en beneficio de mejorar la calidad de vida de nuestra sociedad\u201d.<\/p>\n<p>\u201cCelebramos poder llevar adelante una nueva capacitaci\u00f3n que apunta a promover la creaci\u00f3n y\/o el fortalecimiento de espacios y dispositivos institucionales que garanticen la inclusi\u00f3n de ni\u00f1as, ni\u00f1os y adolescentes como sujetos de derechos. Y al mismo tiempo, ofrecer un marco te\u00f3rico que propone el juego como un derecho y como una herramienta a incluir en el dise\u00f1o de pol\u00edticas p\u00fablicas\u201d, asegur\u00f3 la subsecretaria de Ni\u00f1ez y Adolescencia, Miriam D\u00edaz.<\/p>\n<p>La etapa de preinscripci\u00f3n ser\u00e1 entre el 2 y el 6 de noviembre, a trav\u00e9s de Cumbre en el link http:\/\/cumbre.neuquen.gov.ar\/curso\/83. El seminario cuenta con cupos limitados y los interesados podr\u00e1n comunicarse por correo electr\u00f3nico seminariojuegoyparticipacion20@gmail.com para realizar consultas.<\/p>\n","protected":false},"excerpt":{"rendered":"<p>La capacitaci\u00f3n est\u00e1 destinada a educadores, referentes y todas aquellas personas que se desempe\u00f1en en \u00e1mbitos que potencien la participaci\u00f3n de ni\u00f1as, ni\u00f1os y adolescentes y surge de un convenio entre la UNco y los ministerios de Desarrollo Social y Trabajoy de Ni\u00f1ez, Adolescencia y Juventud . El pr\u00f3ximo 13 de noviembre comenzar\u00e1 el Seminario [&hellip;]<\/p>\n","protected":false},"author":2,"featured_media":9072,"comment_status":"open","ping_status":"open","sticky":false,"template":"","format":"standard","meta":{"footnotes":""},"categories":[39,5],"tags":[],"class_list":["post-9071","post","type-post","status-publish","format-standard","has-post-thumbnail","hentry","category-39","category-notifadecs"],"_links":{"self":[{"href":"https:\/\/fadeweb.uncoma.edu.ar\/index.php\/wp-json\/wp\/v2\/posts\/9071","targetHints":{"allow":["GET"]}}],"collection":[{"href":"https:\/\/fadeweb.uncoma.edu.ar\/index.php\/wp-json\/wp\/v2\/posts"}],"about":[{"href":"https:\/\/fadeweb.uncoma.edu.ar\/index.php\/wp-json\/wp\/v2\/types\/post"}],"author":[{"embeddable":true,"href":"https:\/\/fadeweb.uncoma.edu.ar\/index.php\/wp-json\/wp\/v2\/users\/2"}],"replies":[{"embeddable":true,"href":"https:\/\/fadeweb.uncoma.edu.ar\/index.php\/wp-json\/wp\/v2\/comments?post=9071"}],"version-history":[{"count":1,"href":"https:\/\/fadeweb.uncoma.edu.ar\/index.php\/wp-json\/wp\/v2\/posts\/9071\/revisions"}],"predecessor-version":[{"id":9073,"href":"https:\/\/fadeweb.uncoma.edu.ar\/index.php\/wp-json\/wp\/v2\/posts\/9071\/revisions\/9073"}],"wp:featuredmedia":[{"embeddable":true,"href":"https:\/\/fadeweb.uncoma.edu.ar\/index.php\/wp-json\/wp\/v2\/media\/9072"}],"wp:attachment":[{"href":"https:\/\/fadeweb.uncoma.edu.ar\/index.php\/wp-json\/wp\/v2\/media?parent=9071"}],"wp:term":[{"taxonomy":"category","embeddable":true,"href":"https:\/\/fadeweb.uncoma.edu.ar\/index.php\/wp-json\/wp\/v2\/categories?post=9071"},{"taxonomy":"post_tag","embeddable":true,"href":"https:\/\/fadeweb.uncoma.edu.ar\/index.php\/wp-json\/wp\/v2\/tags?post=9071"}],"curies":[{"name":"wp","href":"https:\/\/api.w.org\/{rel}","templated":true}]}}