{"id":8694,"date":"2020-12-30T10:28:04","date_gmt":"2020-12-30T13:28:04","guid":{"rendered":"http:\/\/170.210.81.106\/newfade\/?p=8694"},"modified":"2022-10-27T10:30:38","modified_gmt":"2022-10-27T13:30:38","slug":"se-abrira-el-periodo-de-consulta-sobre-plan-de-estudios-de-abogacia","status":"publish","type":"post","link":"https:\/\/fadeweb.uncoma.edu.ar\/index.php\/2020\/12\/30\/se-abrira-el-periodo-de-consulta-sobre-plan-de-estudios-de-abogacia\/","title":{"rendered":"SE ABRIR\u00c1 EL PERIODO DE CONSULTA SOBRE PLAN DE ESTUDIOS DE ABOGAC\u00cdA"},"content":{"rendered":"<p class=\"subt1\"><img fetchpriority=\"high\" decoding=\"async\" class=\"aligncenter wp-image-8609 size-large\" src=\"https:\/\/fadeweb.uncoma.edu.ar\/wp-content\/uploads\/2022\/10\/plande-estudios-abogacia-1024x589.jpg\" alt=\"\" width=\"800\" height=\"460\" srcset=\"https:\/\/fadeweb.uncoma.edu.ar\/wp-content\/uploads\/2022\/10\/plande-estudios-abogacia-1024x589.jpg 1024w, https:\/\/fadeweb.uncoma.edu.ar\/wp-content\/uploads\/2022\/10\/plande-estudios-abogacia-300x173.jpg 300w, https:\/\/fadeweb.uncoma.edu.ar\/wp-content\/uploads\/2022\/10\/plande-estudios-abogacia-768x442.jpg 768w, https:\/\/fadeweb.uncoma.edu.ar\/wp-content\/uploads\/2022\/10\/plande-estudios-abogacia-1536x884.jpg 1536w, https:\/\/fadeweb.uncoma.edu.ar\/wp-content\/uploads\/2022\/10\/plande-estudios-abogacia.jpg 1920w\" sizes=\"(max-width: 800px) 100vw, 800px\" \/><\/p>\n<p class=\"texto\">El Decano de la Facultad de Derecho y Ciencias Sociales de la UNCo Licenciado Andr\u00e9s Ponce de Le\u00f3n, por disposici\u00f3n del Consejo Directivo, invita a las organizaciones de la comunidad regional interesadas en presentar las posturas, observaciones y circunstancias que consideren de inter\u00e9s expresar respecto del Nuevo Plan de Estudios para la carrera de Abogac\u00eda.<\/p>\n<p class=\"texto\">Cabe recordar que el Consejo Directivo de la FADECS-UNCo trat\u00f3 y aprob\u00f3 el proyecto de Nuevo Plan de Estudios de Abogac\u00eda, en sesiones desarrolladas el 11 y 18 de diciembre de 2020. El tratamiento alcanz\u00f3 acuerdo un\u00e1nime, con reconocimiento de la relevancia acad\u00e9mica e ideol\u00f3gica del Proyecto presentado por la Comisi\u00f3n Interclaustros de Reforma del Plan de Estudios de la Carrera de Abogac\u00eda, que coordin\u00f3 la Secretaria Acad\u00e9mica Ab. Ana Zinkgr\u00e4f, y que recibi\u00f3 aportes y propuestas de amplios sectores de la comunidad universitaria y regional.<\/p>\n<p class=\"texto\">Por otro lado, en sesi\u00f3n extraordinaria del 18 de diciembre y en procura de facilitar un amplio debate p\u00fablico, se estableci\u00f3 que a partir del 1 de febrero y por 30 d\u00edas se abrir\u00e1 el periodo para que los interesados hagan llegar sus aportes (Resoluci\u00f3n N\u00b0 203\/2020).<\/p>\n<p class=\"texto\"><a href=\"https:\/\/fadeweb.uncoma.edu.ar\/wp-content\/uploads\/2022\/10\/Res-203-Plan-de-estudio-Abogacia.pdf\">Resoluci\u00f3n N\u00b0 203\/2020<\/a> Plan de Estudios carrera Abogac\u00eda<\/p>\n","protected":false},"excerpt":{"rendered":"<p>El Decano de la Facultad de Derecho y Ciencias Sociales de la UNCo Licenciado Andr\u00e9s Ponce de Le\u00f3n, por disposici\u00f3n del Consejo Directivo, invita a las organizaciones de la comunidad regional interesadas en presentar las posturas, observaciones y circunstancias que consideren de inter\u00e9s expresar respecto del Nuevo Plan de Estudios para la carrera de Abogac\u00eda. [&hellip;]<\/p>\n","protected":false},"author":2,"featured_media":8609,"comment_status":"open","ping_status":"open","sticky":false,"template":"","format":"standard","meta":{"footnotes":""},"categories":[39,5],"tags":[],"class_list":["post-8694","post","type-post","status-publish","format-standard","has-post-thumbnail","hentry","category-39","category-notifadecs"],"_links":{"self":[{"href":"https:\/\/fadeweb.uncoma.edu.ar\/index.php\/wp-json\/wp\/v2\/posts\/8694","targetHints":{"allow":["GET"]}}],"collection":[{"href":"https:\/\/fadeweb.uncoma.edu.ar\/index.php\/wp-json\/wp\/v2\/posts"}],"about":[{"href":"https:\/\/fadeweb.uncoma.edu.ar\/index.php\/wp-json\/wp\/v2\/types\/post"}],"author":[{"embeddable":true,"href":"https:\/\/fadeweb.uncoma.edu.ar\/index.php\/wp-json\/wp\/v2\/users\/2"}],"replies":[{"embeddable":true,"href":"https:\/\/fadeweb.uncoma.edu.ar\/index.php\/wp-json\/wp\/v2\/comments?post=8694"}],"version-history":[{"count":1,"href":"https:\/\/fadeweb.uncoma.edu.ar\/index.php\/wp-json\/wp\/v2\/posts\/8694\/revisions"}],"predecessor-version":[{"id":8696,"href":"https:\/\/fadeweb.uncoma.edu.ar\/index.php\/wp-json\/wp\/v2\/posts\/8694\/revisions\/8696"}],"wp:featuredmedia":[{"embeddable":true,"href":"https:\/\/fadeweb.uncoma.edu.ar\/index.php\/wp-json\/wp\/v2\/media\/8609"}],"wp:attachment":[{"href":"https:\/\/fadeweb.uncoma.edu.ar\/index.php\/wp-json\/wp\/v2\/media?parent=8694"}],"wp:term":[{"taxonomy":"category","embeddable":true,"href":"https:\/\/fadeweb.uncoma.edu.ar\/index.php\/wp-json\/wp\/v2\/categories?post=8694"},{"taxonomy":"post_tag","embeddable":true,"href":"https:\/\/fadeweb.uncoma.edu.ar\/index.php\/wp-json\/wp\/v2\/tags?post=8694"}],"curies":[{"name":"wp","href":"https:\/\/api.w.org\/{rel}","templated":true}]}}