{"id":8691,"date":"2020-12-30T10:26:29","date_gmt":"2020-12-30T13:26:29","guid":{"rendered":"http:\/\/170.210.81.106\/newfade\/?p=8691"},"modified":"2022-10-27T10:27:41","modified_gmt":"2022-10-27T13:27:41","slug":"calendario-academico-2021","status":"publish","type":"post","link":"https:\/\/fadeweb.uncoma.edu.ar\/index.php\/2020\/12\/30\/calendario-academico-2021\/","title":{"rendered":"CALENDARIO ACAD\u00c9MICO 2021"},"content":{"rendered":"<p class=\"subt1\"><img fetchpriority=\"high\" decoding=\"async\" class=\"aligncenter wp-image-8692 size-large\" src=\"https:\/\/fadeweb.uncoma.edu.ar\/wp-content\/uploads\/2022\/10\/calendario2021-1024x855.jpg\" alt=\"\" width=\"800\" height=\"668\" srcset=\"https:\/\/fadeweb.uncoma.edu.ar\/wp-content\/uploads\/2022\/10\/calendario2021-1024x855.jpg 1024w, https:\/\/fadeweb.uncoma.edu.ar\/wp-content\/uploads\/2022\/10\/calendario2021-300x250.jpg 300w, https:\/\/fadeweb.uncoma.edu.ar\/wp-content\/uploads\/2022\/10\/calendario2021-768x641.jpg 768w, https:\/\/fadeweb.uncoma.edu.ar\/wp-content\/uploads\/2022\/10\/calendario2021-1536x1282.jpg 1536w, https:\/\/fadeweb.uncoma.edu.ar\/wp-content\/uploads\/2022\/10\/calendario2021.jpg 1980w\" sizes=\"(max-width: 800px) 100vw, 800px\" \/><\/p>\n<p class=\"texto\">El Decano de la FADECS-UNCo Lic. Andr\u00e9s Ponce de Le\u00f3n, ad Refer\u00e9ndum del Consejo Directivo, resolvi\u00f3 aprobar el Calendario Acad\u00e9mico 2021 (Resoluci\u00f3n N\u00b0 0348\/2020), para las actividades programadas por la Facultad de Derecho y Ciencias Sociales, seg\u00fan el Anexo \u00danico que a continuaci\u00f3n se transcribe:<\/p>\n<p class=\"texto\">ANEXO I: CALENDARIO ACAD\u00c9MICO 2021<\/p>\n<p class=\"texto\">Per\u00edodo de Completaci\u00f3n 2\u00b0 Cuatrimestre y Anuales: 08\/02\/2021 al 12\/03\/2021<br \/>\nSegundo per\u00edodo Preinscripci\u00f3n 2021: 01\/02\/2021 al 31\/03\/2021<br \/>\nPrimer Per\u00edodo de Inscripci\u00f3n 2021: 01\/02\/2021 al 31\/03\/2021<br \/>\nInscripciones para cursar asignaturas del Primer Cuatrimestre: 01\/03\/2021 al 31\/03\/2021<br \/>\nInicio Primer cuatrimestre 2021: 15\/03\/2021<br \/>\nFin Primer cuatrimestre 2021: 02\/07\/2021<br \/>\nEnv\u00edo de Actas de Cursadas: Hasta el 08\/07\/2021<br \/>\nReceso Invernal 2021: A determinar<br \/>\nTercer per\u00edodo Preinscripci\u00f3n 2021: 02\/08\/2021 al 31\/08\/2021<br \/>\nSegundo Per\u00edodo de Inscripci\u00f3n 2021: 02\/08\/2021 al 31\/08\/2021<br \/>\nInscripciones para cursar asignaturas del Segundo Cuatrimestre: 02\/08\/2021 al 31\/08\/2021<br \/>\nInicio Segundo cuatrimestre 2021: 17\/08\/2021<br \/>\nFin Segundo Cuatrimestre 2021: 03\/12\/2021<br \/>\nEnv\u00edo de Actas de Cursadas: Hasta el 10\/12\/2021<\/p>\n<p class=\"texto\">TURNOS DE EX\u00c1MENES<br \/>\nFEBRERO: 22 de febrero al 05 de marzo<br \/>\nMARZO: 22 al 31 de marzo<br \/>\nABRIL: 19 al 30 de abril<br \/>\nMAYO: 17 al 28 de mayo<br \/>\nJUNIO: 14 al 25 de junio<br \/>\nJULIO: A CONFIRMAR<br \/>\nAGOSTO: 17 al 27 de agosto<br \/>\nSEPTIEMBRE: 13 al 24 de septiembre<br \/>\nOCTUBRE: 12 al 22 de octubre<br \/>\nNOVIEMBRE: 08 al 19 de noviembre<br \/>\nDICIEMBRE: 09 al 21 de diciembre<\/p>\n<p class=\"texto\">Adem\u00e1s de los feriados inamovibles, feriados trasladables y feriados puente tur\u00edsticos, no se realizar\u00e1n actividades acad\u00e9micas los siguientes d\u00edas:<br \/>\n\u2022 Del 02 al 31 de enero (Receso)<br \/>\n\u2022 15 de mayo (d\u00eda del Docente Universitario\/a)<br \/>\n\u2022 22 de junio (Wi\u00f1oy Xipantu)<br \/>\n\u2022 21 de septiembre (d\u00eda del Estudiante)<\/p>\n<p class=\"texto\">La Universidad Nacional del Comahue invita a toda la comunidad a compartir las actividades conmemorativas que se desarrollar\u00e1n en memoria de:<br \/>\n\u2022 Susana Mujica, Arlene Seguel, Cecilia Vechi y Mirta Tronelli (integrantes de la carrera de Trabajo Social de la UNCo, detenidas durante la semana del 9 al 12 de junio de 1976 y desde entonces desaparecidas).<br \/>\n\u2022 Sergio \u00c1valos (estudiante de la Facultad de Econom\u00eda y Administraci\u00f3n, desaparecido el 14 de junio de 2003).<\/p>\n<p><span class=\"texto\">\u2022 Jornadas recordatorias del \u00abAccidente Cerro Ventana\u00bb (acaecido el 1 de septiembre de 2002).<\/span><\/p>\n","protected":false},"excerpt":{"rendered":"<p>El Decano de la FADECS-UNCo Lic. Andr\u00e9s Ponce de Le\u00f3n, ad Refer\u00e9ndum del Consejo Directivo, resolvi\u00f3 aprobar el Calendario Acad\u00e9mico 2021 (Resoluci\u00f3n N\u00b0 0348\/2020), para las actividades programadas por la Facultad de Derecho y Ciencias Sociales, seg\u00fan el Anexo \u00danico que a continuaci\u00f3n se transcribe: ANEXO I: CALENDARIO ACAD\u00c9MICO 2021 Per\u00edodo de Completaci\u00f3n 2\u00b0 Cuatrimestre [&hellip;]<\/p>\n","protected":false},"author":2,"featured_media":8692,"comment_status":"open","ping_status":"open","sticky":false,"template":"","format":"standard","meta":{"footnotes":""},"categories":[39,5],"tags":[],"class_list":["post-8691","post","type-post","status-publish","format-standard","has-post-thumbnail","hentry","category-39","category-notifadecs"],"_links":{"self":[{"href":"https:\/\/fadeweb.uncoma.edu.ar\/index.php\/wp-json\/wp\/v2\/posts\/8691","targetHints":{"allow":["GET"]}}],"collection":[{"href":"https:\/\/fadeweb.uncoma.edu.ar\/index.php\/wp-json\/wp\/v2\/posts"}],"about":[{"href":"https:\/\/fadeweb.uncoma.edu.ar\/index.php\/wp-json\/wp\/v2\/types\/post"}],"author":[{"embeddable":true,"href":"https:\/\/fadeweb.uncoma.edu.ar\/index.php\/wp-json\/wp\/v2\/users\/2"}],"replies":[{"embeddable":true,"href":"https:\/\/fadeweb.uncoma.edu.ar\/index.php\/wp-json\/wp\/v2\/comments?post=8691"}],"version-history":[{"count":1,"href":"https:\/\/fadeweb.uncoma.edu.ar\/index.php\/wp-json\/wp\/v2\/posts\/8691\/revisions"}],"predecessor-version":[{"id":8693,"href":"https:\/\/fadeweb.uncoma.edu.ar\/index.php\/wp-json\/wp\/v2\/posts\/8691\/revisions\/8693"}],"wp:featuredmedia":[{"embeddable":true,"href":"https:\/\/fadeweb.uncoma.edu.ar\/index.php\/wp-json\/wp\/v2\/media\/8692"}],"wp:attachment":[{"href":"https:\/\/fadeweb.uncoma.edu.ar\/index.php\/wp-json\/wp\/v2\/media?parent=8691"}],"wp:term":[{"taxonomy":"category","embeddable":true,"href":"https:\/\/fadeweb.uncoma.edu.ar\/index.php\/wp-json\/wp\/v2\/categories?post=8691"},{"taxonomy":"post_tag","embeddable":true,"href":"https:\/\/fadeweb.uncoma.edu.ar\/index.php\/wp-json\/wp\/v2\/tags?post=8691"}],"curies":[{"name":"wp","href":"https:\/\/api.w.org\/{rel}","templated":true}]}}