{"id":8493,"date":"2021-03-26T11:39:37","date_gmt":"2021-03-26T14:39:37","guid":{"rendered":"http:\/\/170.210.81.106\/newfade\/?p=8493"},"modified":"2022-10-25T11:40:15","modified_gmt":"2022-10-25T14:40:15","slug":"la-fadecs-repudia-los-actos-violentos-contra-trabajadores-del-diario-rio-negro","status":"publish","type":"post","link":"https:\/\/fadeweb.uncoma.edu.ar\/index.php\/2021\/03\/26\/la-fadecs-repudia-los-actos-violentos-contra-trabajadores-del-diario-rio-negro\/","title":{"rendered":"LA FADECS REPUDIA LOS ACTOS VIOLENTOS CONTRA TRABAJADORES DEL DIARIO R\u00cdO NEGRO"},"content":{"rendered":"<p><img fetchpriority=\"high\" decoding=\"async\" class=\"aligncenter wp-image-8494 size-full\" src=\"https:\/\/fadeweb.uncoma.edu.ar\/wp-content\/uploads\/2022\/10\/rn-2.jpg\" alt=\"\" width=\"920\" height=\"517\" srcset=\"https:\/\/fadeweb.uncoma.edu.ar\/wp-content\/uploads\/2022\/10\/rn-2.jpg 920w, https:\/\/fadeweb.uncoma.edu.ar\/wp-content\/uploads\/2022\/10\/rn-2-300x169.jpg 300w, https:\/\/fadeweb.uncoma.edu.ar\/wp-content\/uploads\/2022\/10\/rn-2-768x432.jpg 768w\" sizes=\"(max-width: 920px) 100vw, 920px\" \/><br \/>\nLas autoridades de la Facultad de Derecho y Ciencias Sociales de la UNCo expresan su repudio ante el avasallamiento a un medio de comunicaci\u00f3n escrito de la ciudad de General Roca.<\/p>\n<p>Los actos de vandalismo ocurridos en el diario R\u00edo Negro, la intimidaci\u00f3n sufrida por un periodista y la violenta agresi\u00f3n contra sus trabajadores y trabajadoras, es considerado un hecho repulsivo que debe hacernos reflexionar sobre la defensa de la libertad de prensa como garant\u00eda de la libre circulaci\u00f3n de las ideas.<\/p>\n<p>En una jornada como la del 24 de marzo, en la que se conmemoran los 45 a\u00f1os del golpe militar de 1976, que dio paso a la dictadura m\u00e1s feroz que haya sufrido nuestro pa\u00eds, debemos mantener viva la memoria y defender la libertad de expresi\u00f3n, base de la existencia misma de una sociedad democr\u00e1tica.<\/p>\n","protected":false},"excerpt":{"rendered":"<p>Las autoridades de la Facultad de Derecho y Ciencias Sociales de la UNCo expresan su repudio ante el avasallamiento a un medio de comunicaci\u00f3n escrito de la ciudad de General Roca. Los actos de vandalismo ocurridos en el diario R\u00edo Negro, la intimidaci\u00f3n sufrida por un periodista y la violenta agresi\u00f3n contra sus trabajadores y [&hellip;]<\/p>\n","protected":false},"author":2,"featured_media":8494,"comment_status":"open","ping_status":"open","sticky":false,"template":"","format":"standard","meta":{"footnotes":""},"categories":[13,5],"tags":[],"class_list":["post-8493","post","type-post","status-publish","format-standard","has-post-thumbnail","hentry","category-13","category-notifadecs"],"_links":{"self":[{"href":"https:\/\/fadeweb.uncoma.edu.ar\/index.php\/wp-json\/wp\/v2\/posts\/8493","targetHints":{"allow":["GET"]}}],"collection":[{"href":"https:\/\/fadeweb.uncoma.edu.ar\/index.php\/wp-json\/wp\/v2\/posts"}],"about":[{"href":"https:\/\/fadeweb.uncoma.edu.ar\/index.php\/wp-json\/wp\/v2\/types\/post"}],"author":[{"embeddable":true,"href":"https:\/\/fadeweb.uncoma.edu.ar\/index.php\/wp-json\/wp\/v2\/users\/2"}],"replies":[{"embeddable":true,"href":"https:\/\/fadeweb.uncoma.edu.ar\/index.php\/wp-json\/wp\/v2\/comments?post=8493"}],"version-history":[{"count":1,"href":"https:\/\/fadeweb.uncoma.edu.ar\/index.php\/wp-json\/wp\/v2\/posts\/8493\/revisions"}],"predecessor-version":[{"id":8495,"href":"https:\/\/fadeweb.uncoma.edu.ar\/index.php\/wp-json\/wp\/v2\/posts\/8493\/revisions\/8495"}],"wp:featuredmedia":[{"embeddable":true,"href":"https:\/\/fadeweb.uncoma.edu.ar\/index.php\/wp-json\/wp\/v2\/media\/8494"}],"wp:attachment":[{"href":"https:\/\/fadeweb.uncoma.edu.ar\/index.php\/wp-json\/wp\/v2\/media?parent=8493"}],"wp:term":[{"taxonomy":"category","embeddable":true,"href":"https:\/\/fadeweb.uncoma.edu.ar\/index.php\/wp-json\/wp\/v2\/categories?post=8493"},{"taxonomy":"post_tag","embeddable":true,"href":"https:\/\/fadeweb.uncoma.edu.ar\/index.php\/wp-json\/wp\/v2\/tags?post=8493"}],"curies":[{"name":"wp","href":"https:\/\/api.w.org\/{rel}","templated":true}]}}