{"id":8440,"date":"2021-04-09T10:01:22","date_gmt":"2021-04-09T13:01:22","guid":{"rendered":"http:\/\/170.210.81.106\/newfade\/?p=8440"},"modified":"2022-10-25T10:03:00","modified_gmt":"2022-10-25T13:03:00","slug":"esp-derecho-administrativo-2021-inscripciones-abiertas","status":"publish","type":"post","link":"https:\/\/fadeweb.uncoma.edu.ar\/index.php\/2021\/04\/09\/esp-derecho-administrativo-2021-inscripciones-abiertas\/","title":{"rendered":"ESP. DERECHO ADMINISTRATIVO 2021 &#8211; INSCRIPCIONES ABIERTAS"},"content":{"rendered":"<p><span class=\"subt1\"><img fetchpriority=\"high\" decoding=\"async\" class=\"aligncenter wp-image-8441 size-large\" src=\"https:\/\/fadeweb.uncoma.edu.ar\/wp-content\/uploads\/2022\/10\/adm2021-1024x768.jpg\" alt=\"\" width=\"800\" height=\"600\" srcset=\"https:\/\/fadeweb.uncoma.edu.ar\/wp-content\/uploads\/2022\/10\/adm2021-1024x768.jpg 1024w, https:\/\/fadeweb.uncoma.edu.ar\/wp-content\/uploads\/2022\/10\/adm2021-300x225.jpg 300w, https:\/\/fadeweb.uncoma.edu.ar\/wp-content\/uploads\/2022\/10\/adm2021-768x576.jpg 768w, https:\/\/fadeweb.uncoma.edu.ar\/wp-content\/uploads\/2022\/10\/adm2021-1536x1152.jpg 1536w, https:\/\/fadeweb.uncoma.edu.ar\/wp-content\/uploads\/2022\/10\/adm2021.jpg 1920w\" sizes=\"(max-width: 800px) 100vw, 800px\" \/><\/span><\/p>\n<p class=\"texto\">El Departamento de Posgrado informa que est\u00e1 abierta la\u00a0<strong>INSCRIPCI\u00d3N-2021<\/strong>&#8211;\u00a0 para la carrera de posgrado \u201c<strong>ESPECIALIZACI\u00d3N EN DERECHO ADMINISTRATIVO\u201d. El 11 de mayo de 2021 se dar\u00e1 inicio al dictado de\u00a0 clases, con modalidad virtual, siendo esta la sexta edici\u00f3n de la carrera. Son encuentros\u00a0 quincenales.<\/strong><\/p>\n<p class=\"texto\">La Especializaci\u00f3n est\u00e1 dirigida por el Dr. Pablo Gutierrez Colantuono y Codirigida por la Esp. Claudia Marconi, y el dictado\u00a0 de\u00a0 clases a cargo de\u00a0 docentes con distintas miradas federales. Destinada a profesionales de la Administraci\u00f3n P\u00fablica (tanto locales como federales), abogadas\/os que se desempe\u00f1an en los poderes judiciales y legislativos, y \u00a0 a la abogac\u00eda en general cuyo inter\u00e9s profesional y\/ o acad\u00e9mico sean los derechos fundamentales, las libertades, las garant\u00edas y\u00a0 la actividad administrativa &#8211; estatal y no estatal &#8211; en miras a la realizaci\u00f3n del bienestar general<\/p>\n<p class=\"texto\">La duraci\u00f3n de la carrera es de 2 a\u00f1os.<br \/>\nEl plan de estudios de la carrera se encuentra disponible en\u00a0<a href=\"https:\/\/posgradofadecs.uncoma.edu.ar\/especializacion-en-derecho-administrativo\/\" target=\"_blank\" rel=\"noopener\">https:\/\/posgradofadecs.uncoma.edu.ar\/especializacion-en-derecho-administrativo\/<\/a><\/p>\n<p class=\"texto\"><strong>LA INSCRIPCI\u00d3N SE REALIZA \u00daNICAMENTE DE MANERA\u00a0 ONLINE Y EL CUPO DE INGRESANTES ASCIENDE A 50 (CINCUENTA)<\/strong>. El procedimiento se divide en dos etapas obligatorias:<br \/>\n<strong>1)<\/strong>\u00a0<strong>PRE-INSCRIPCI\u00d3N:\u00a0HASTA EL 30 DE ABRIL, a trav\u00e9s de:<\/strong><a href=\"https:\/\/siuguarani.uncoma.edu.ar\/index.php\/facultad-de-derechos-y-ciencias-sociales\/\" target=\"_blank\" rel=\"noopener\">\u00a0<strong>https:\/\/siuguarani.uncoma.edu.ar\/index.php\/facultad-de-derechos-y-ciencias-sociales\/<\/strong><\/a><strong>\u00a0<\/strong><br \/>\nSe debe enviar la siguiente documentaci\u00f3n a:\u00a0<a href=\"mailto:academica.posgrado@fade.uncoma.edu.ar\">academica.posgrado@fade.uncoma.edu.ar<\/a>\u00a0:<br \/>\n\u2013 fotos carnet<br \/>\n\u2013 fotocopias de DNI<br \/>\n\u2013 fotocopia de T\u00edtulo de Grado \u00f3 certificado de t\u00edtulo de grado en tr\u00e1mite.<br \/>\n\u2013 fotocopia de Certificado Anal\u00edtico de Grado<br \/>\n\u2013 CV abreviado ( 1 hoja)<br \/>\nAclaraci\u00f3n: la documentaci\u00f3n debe ser enviada escaneada en formato PDF (no se acepta imagen convertida a PDF).<br \/>\nEn este link podr\u00e1n acceder a video tutorial del proceso de PREINSCRIPCI\u00d3N:\u00a0<a href=\"https:\/\/youtu.be\/eUqsBuSc1hc\" target=\"_blank\" rel=\"noopener\">https:\/\/youtu.be\/eUqsBuSc1hc<\/a><\/p>\n<p class=\"texto\"><strong>2)<\/strong>\u00a0<strong>INSCRIPCI\u00d3N:DESDE EL 3 DE MAYO AL\u00a0 10 DE MAYO,\u00a0<\/strong>consistir\u00e1 en\u00a0 confirmar la\u00a0<strong>PRE-INSCRIPCI\u00d3N\u00a0 A<\/strong>:\u00a0<a href=\"mailto:academica.posgrado@fade.uncoma.edu.ar\">academica.posgrado@fade.uncoma.edu.ar<\/a>\u00a0 adjuntando\u00a0 el pago\u00a0 de la matr\u00edcula y\/o\u00a0 arancel , cuyos montos est\u00e1n en proceso de aprobaci\u00f3n.<\/p>\n<p class=\"texto\">Click aqu\u00ed para visualizar\u00a0<a href=\"http:\/\/listas.uncoma.edu.ar\/lists\/lt.php?id=LB9TCVNSAExSBwIFDUtXAFVTAA\" target=\"_blank\" rel=\"noopener\">CRONOGRAMA DE CLASES ADMINISTRATIVO 2021<\/a><br \/>\nhttps:\/\/posgradofadecs.uncoma.edu.ar\/images\/2019\/2020\/CRONOGRAMA_-_Especializacin_en_Derecho_Administrativo_2021.pdf<span class=\"texto\"><br clear=\"all\" \/><\/span><\/p>\n<p class=\"texto\">Consultas:\u00a0<a href=\"mailto:academica.posgrado@fade.uncoma.edu.ar\">academica.posgrado@fade.uncoma.edu.ar<\/a><br \/>\nDepartamento de Posgrado FaDeCS &#8211; UNCo<br \/>\nCelular:\u00a0\u00a0<a href=\"http:\/\/listas.uncoma.edu.ar\/lists\/lt.php?id=LB9XAFJWRAFTAAUARAZUBlRf\" target=\"_blank\" rel=\"noopener\">+5492984668243<\/a><br \/>\n<a href=\"https:\/\/posgradofadecs.uncoma.edu.ar\/\" target=\"_blank\" rel=\"noopener\">https:\/\/posgradofadecs.uncoma.edu.ar\/<\/a><\/p>\n","protected":false},"excerpt":{"rendered":"<p>El Departamento de Posgrado informa que est\u00e1 abierta la\u00a0INSCRIPCI\u00d3N-2021&#8211;\u00a0 para la carrera de posgrado \u201cESPECIALIZACI\u00d3N EN DERECHO ADMINISTRATIVO\u201d. El 11 de mayo de 2021 se dar\u00e1 inicio al dictado de\u00a0 clases, con modalidad virtual, siendo esta la sexta edici\u00f3n de la carrera. Son encuentros\u00a0 quincenales. La Especializaci\u00f3n est\u00e1 dirigida por el Dr. Pablo Gutierrez Colantuono [&hellip;]<\/p>\n","protected":false},"author":2,"featured_media":8441,"comment_status":"open","ping_status":"open","sticky":false,"template":"","format":"standard","meta":{"footnotes":""},"categories":[13,5],"tags":[],"class_list":["post-8440","post","type-post","status-publish","format-standard","has-post-thumbnail","hentry","category-13","category-notifadecs"],"_links":{"self":[{"href":"https:\/\/fadeweb.uncoma.edu.ar\/index.php\/wp-json\/wp\/v2\/posts\/8440","targetHints":{"allow":["GET"]}}],"collection":[{"href":"https:\/\/fadeweb.uncoma.edu.ar\/index.php\/wp-json\/wp\/v2\/posts"}],"about":[{"href":"https:\/\/fadeweb.uncoma.edu.ar\/index.php\/wp-json\/wp\/v2\/types\/post"}],"author":[{"embeddable":true,"href":"https:\/\/fadeweb.uncoma.edu.ar\/index.php\/wp-json\/wp\/v2\/users\/2"}],"replies":[{"embeddable":true,"href":"https:\/\/fadeweb.uncoma.edu.ar\/index.php\/wp-json\/wp\/v2\/comments?post=8440"}],"version-history":[{"count":2,"href":"https:\/\/fadeweb.uncoma.edu.ar\/index.php\/wp-json\/wp\/v2\/posts\/8440\/revisions"}],"predecessor-version":[{"id":8443,"href":"https:\/\/fadeweb.uncoma.edu.ar\/index.php\/wp-json\/wp\/v2\/posts\/8440\/revisions\/8443"}],"wp:featuredmedia":[{"embeddable":true,"href":"https:\/\/fadeweb.uncoma.edu.ar\/index.php\/wp-json\/wp\/v2\/media\/8441"}],"wp:attachment":[{"href":"https:\/\/fadeweb.uncoma.edu.ar\/index.php\/wp-json\/wp\/v2\/media?parent=8440"}],"wp:term":[{"taxonomy":"category","embeddable":true,"href":"https:\/\/fadeweb.uncoma.edu.ar\/index.php\/wp-json\/wp\/v2\/categories?post=8440"},{"taxonomy":"post_tag","embeddable":true,"href":"https:\/\/fadeweb.uncoma.edu.ar\/index.php\/wp-json\/wp\/v2\/tags?post=8440"}],"curies":[{"name":"wp","href":"https:\/\/api.w.org\/{rel}","templated":true}]}}