{"id":8437,"date":"2021-04-09T09:59:20","date_gmt":"2021-04-09T12:59:20","guid":{"rendered":"http:\/\/170.210.81.106\/newfade\/?p=8437"},"modified":"2022-10-25T10:01:02","modified_gmt":"2022-10-25T13:01:02","slug":"preinscripcion-2021-especializacion-en-derecho-penal-y-ciencia-penales","status":"publish","type":"post","link":"https:\/\/fadeweb.uncoma.edu.ar\/index.php\/2021\/04\/09\/preinscripcion-2021-especializacion-en-derecho-penal-y-ciencia-penales\/","title":{"rendered":"PREINSCRIPCI\u00d3N 2021 \u201cESPECIALIZACI\u00d3N EN DERECHO PENAL Y CIENCIA PENALES\u201d"},"content":{"rendered":"<p class=\"texto\"><img fetchpriority=\"high\" decoding=\"async\" class=\"aligncenter wp-image-8438 size-large\" src=\"https:\/\/fadeweb.uncoma.edu.ar\/wp-content\/uploads\/2022\/10\/penal-2021-1024x768.jpg\" alt=\"\" width=\"800\" height=\"600\" srcset=\"https:\/\/fadeweb.uncoma.edu.ar\/wp-content\/uploads\/2022\/10\/penal-2021-1024x768.jpg 1024w, https:\/\/fadeweb.uncoma.edu.ar\/wp-content\/uploads\/2022\/10\/penal-2021-300x225.jpg 300w, https:\/\/fadeweb.uncoma.edu.ar\/wp-content\/uploads\/2022\/10\/penal-2021-768x576.jpg 768w, https:\/\/fadeweb.uncoma.edu.ar\/wp-content\/uploads\/2022\/10\/penal-2021-1536x1152.jpg 1536w, https:\/\/fadeweb.uncoma.edu.ar\/wp-content\/uploads\/2022\/10\/penal-2021.jpg 1920w\" sizes=\"(max-width: 800px) 100vw, 800px\" \/><br \/>\n(Ordenanza N\u00b0 615\/00 mod.1274\/13, R. CONEAU N\u00b0337\/20, R. M. N\u00b04367\/17)<\/p>\n<p class=\"texto\">El Departamento de Posgrado informa que est\u00e1 abierta la <strong>PRE- INSCRIPCI\u00d3N-2021<\/strong> para la carrera de posgrado <strong>ESPECIALIZACI\u00d3N EN DERECHO PENAL Y CIENCIA PENALES <\/strong>siendo esta la s\u00e9ptima edici\u00f3n de la carrera.<\/p>\n<p class=\"texto\">La carrera cuenta con amplia trayectoria en la regi\u00f3n. El Director de la carrera es el Dr. Alberto Binder y su Co- Director es el Abog. Nicol\u00e1s Garc\u00eda y tiene por objeto capacitar a Abogados\/as, para un desempe\u00f1o profesional relevante y eficiente en el campo del Derecho Penal, focalizando en la administraci\u00f3n de la Justicia Penal y Criminol\u00f3gica y en la formulaci\u00f3n de pol\u00edticas p\u00fablicas en materia de Derecho Penal.<\/p>\n<p class=\"texto\">El plan de estudios de la carrera se encuentra disponible en:<br \/>\n<a href=\"https:\/\/posgradofadecs.uncoma.edu.ar\/especializacion-en-derecho-penal-y-ciencias-penales\/\">https:\/\/posgradofadecs.uncoma.edu.ar\/especializacion-en-derecho-penal-y-ciencias-penales\/<\/a><br \/>\nLa duraci\u00f3n de la carrera es de 2 a\u00f1os.<\/p>\n<p class=\"texto\">LA PREINSCRIPCI\u00d3N SE REALIZA \u00daNICAMENTE DE MANERA ONLINE HASTA EL 30 DE ABRIL DE 2021, a trav\u00e9s de: <a href=\"https:\/\/siuguarani.uncoma.edu.ar\/index.php\/facultad-de-derechos-y-ciencias-sociales\/\">https:\/\/siuguarani.uncoma.edu.ar\/index.php\/facultad-de-derechos-y-ciencias-sociales\/<\/a><\/p>\n<p class=\"texto\">Se debe enviar la siguiente documentaci\u00f3n a: academica.posgrado@fade.uncoma.edu.ar :<br \/>\n\u2013 fotos carnet<br \/>\n\u2013 fotocopias de DNI<br \/>\n\u2013 fotocopia de T\u00edtulo de Grado \u00f3 certificado de t\u00edtulo de grado en tr\u00e1mite.<br \/>\n\u2013 fotocopia de Certificado Anal\u00edtico de Grado<br \/>\n\u2013 CV abreviado ( 1 hoja)<br \/>\n_ Formulario de preinscripci\u00f3n SIU Guarani<\/p>\n<p class=\"texto\">Aclaraci\u00f3n: la documentaci\u00f3n debe ser enviada escaneada en formato PDF (no se acepta imagen convertida a PDF).<\/p>\n<p class=\"texto\">En el mes de mayo se informar\u00e1 fecha de inscripci\u00f3n, fecha de inicio de clases, cronograma de clases y montos de los aranceles y matr\u00edcula.<\/p>\n<p class=\"texto\">Consultas: <a href=\"mailto:academica.posgrado@fade.uncoma.edu.ar\">academica.posgrado@fade.uncoma.edu.ar<\/a><br \/>\nDepartamento de Posgrado FaDeCS &#8211; UNCo<br \/>\nCelular: <a href=\"https:\/\/api.whatsapp.com\/send?phone=5492984668243&amp;text=Hola\">+5492984668243<\/a><br \/>\n<a href=\"http:\/\/posgradofadecs.uncoma.edu.ar\">http:\/\/posgradofadecs.uncoma.edu.ar<\/a><\/p>\n","protected":false},"excerpt":{"rendered":"<p>(Ordenanza N\u00b0 615\/00 mod.1274\/13, R. CONEAU N\u00b0337\/20, R. M. N\u00b04367\/17) El Departamento de Posgrado informa que est\u00e1 abierta la PRE- INSCRIPCI\u00d3N-2021 para la carrera de posgrado ESPECIALIZACI\u00d3N EN DERECHO PENAL Y CIENCIA PENALES siendo esta la s\u00e9ptima edici\u00f3n de la carrera. La carrera cuenta con amplia trayectoria en la regi\u00f3n. El Director de la carrera [&hellip;]<\/p>\n","protected":false},"author":2,"featured_media":8438,"comment_status":"open","ping_status":"open","sticky":false,"template":"","format":"standard","meta":{"footnotes":""},"categories":[13,5],"tags":[],"class_list":["post-8437","post","type-post","status-publish","format-standard","has-post-thumbnail","hentry","category-13","category-notifadecs"],"_links":{"self":[{"href":"https:\/\/fadeweb.uncoma.edu.ar\/index.php\/wp-json\/wp\/v2\/posts\/8437","targetHints":{"allow":["GET"]}}],"collection":[{"href":"https:\/\/fadeweb.uncoma.edu.ar\/index.php\/wp-json\/wp\/v2\/posts"}],"about":[{"href":"https:\/\/fadeweb.uncoma.edu.ar\/index.php\/wp-json\/wp\/v2\/types\/post"}],"author":[{"embeddable":true,"href":"https:\/\/fadeweb.uncoma.edu.ar\/index.php\/wp-json\/wp\/v2\/users\/2"}],"replies":[{"embeddable":true,"href":"https:\/\/fadeweb.uncoma.edu.ar\/index.php\/wp-json\/wp\/v2\/comments?post=8437"}],"version-history":[{"count":1,"href":"https:\/\/fadeweb.uncoma.edu.ar\/index.php\/wp-json\/wp\/v2\/posts\/8437\/revisions"}],"predecessor-version":[{"id":8439,"href":"https:\/\/fadeweb.uncoma.edu.ar\/index.php\/wp-json\/wp\/v2\/posts\/8437\/revisions\/8439"}],"wp:featuredmedia":[{"embeddable":true,"href":"https:\/\/fadeweb.uncoma.edu.ar\/index.php\/wp-json\/wp\/v2\/media\/8438"}],"wp:attachment":[{"href":"https:\/\/fadeweb.uncoma.edu.ar\/index.php\/wp-json\/wp\/v2\/media?parent=8437"}],"wp:term":[{"taxonomy":"category","embeddable":true,"href":"https:\/\/fadeweb.uncoma.edu.ar\/index.php\/wp-json\/wp\/v2\/categories?post=8437"},{"taxonomy":"post_tag","embeddable":true,"href":"https:\/\/fadeweb.uncoma.edu.ar\/index.php\/wp-json\/wp\/v2\/tags?post=8437"}],"curies":[{"name":"wp","href":"https:\/\/api.w.org\/{rel}","templated":true}]}}