{"id":8419,"date":"2021-04-16T09:48:48","date_gmt":"2021-04-16T12:48:48","guid":{"rendered":"http:\/\/170.210.81.106\/newfade\/?p=8419"},"modified":"2022-10-25T09:49:35","modified_gmt":"2022-10-25T12:49:35","slug":"conversatorio-con-patricio-lepe-carrion","status":"publish","type":"post","link":"https:\/\/fadeweb.uncoma.edu.ar\/index.php\/2021\/04\/16\/conversatorio-con-patricio-lepe-carrion\/","title":{"rendered":"Conversatorio con Patricio Lepe-Carri\u00f3n"},"content":{"rendered":"<p class=\"subt1\"><img fetchpriority=\"high\" decoding=\"async\" class=\"alignnone wp-image-8420 size-full\" src=\"https:\/\/fadeweb.uncoma.edu.ar\/wp-content\/uploads\/2022\/10\/monasterio.jpg\" alt=\"\" width=\"724\" height=\"465\" srcset=\"https:\/\/fadeweb.uncoma.edu.ar\/wp-content\/uploads\/2022\/10\/monasterio.jpg 724w, https:\/\/fadeweb.uncoma.edu.ar\/wp-content\/uploads\/2022\/10\/monasterio-300x193.jpg 300w\" sizes=\"(max-width: 724px) 100vw, 724px\" \/><br \/>\n\u00abPROCESOS DE RACIALIZACI\u00d3N Y CRIMINALIZACI\u00d3N DEL PUEBLO MAPUCHE\u201d<\/p>\n<p class=\"texto\">El jueves 22 de abril a las 18 (hora de Argentina), se llevar\u00e1 a cabo el segundo encuentro del ciclo de Conversatorio \u201cDisputas en torno a la cultura, la subjetividad y la otredad\u201d. En esta ocasi\u00f3n, el di\u00e1logo se realizar\u00e1 con el Dr. Patricio Lepe-Carri\u00f3n (Universidad de la Frontera, Chile). La moderaci\u00f3n estar\u00e1 a cargo del Dr. Mart\u00edn E. D\u00edaz (UNCo &#8211; IPEHCS- CONICET) y del Mg. Julio Monasterio (UNCo).<\/p>\n<p class=\"texto\">Patricio Lepe-Carri\u00f3n es Doctor en Filosof\u00eda, Pontificia Universidad Cat\u00f3lica de Valpara\u00edso. Estudios de postdoctorado en la Universidad de Sao Paulo, Brasil (Becas-Chile) y en la Universidad de La Frontera. Actualmente es Investigador del N\u00facleo de Ciencias Sociales y Humanidades, Profesor del Doctorado en Comunicaci\u00f3n y de la maestr\u00eda en Ciencias de la Comunicaci\u00f3n de la Universidad de La Frontera (Temuco, Chile).<\/p>\n<p class=\"texto\">La actividad surge de un trabajo articulado entre las\/los responsables de las c\u00e1tedras \u201cProblemas Filos\u00f3ficos de la Modernidad\u201d, de la carrera de Sociolog\u00eda, y de la c\u00e1tedra \u201cComunicaci\u00f3n Social II\u201d, de la Licenciatura y Profesorado en Comunicaci\u00f3n Social, Facultad de Derecho y Ciencias Sociales -FADECS- de la UNCo. El ciclo de conversatorio cuenta con aval acad\u00e9mico e institucional otorgado por el Consejo Directivo de la FADECS (Res. CD-FADECS 030\/2021).<\/p>\n<p class=\"texto\">Se desarrollar\u00e1 bajo la modalidad virtual, es gratuito y cuenta con cupos limitados. Quienes est\u00e9n interesadas\/os deben inscribirse en el siguiente enlace:<br \/>\n<a href=\"https:\/\/docs.google.com\/forms\/d\/e\/1FAIpQLSdvXIcXT5os1XhiqGftx4BQsHnnWGdeRWWMu3ZuY_-PF6uqDA\/viewform?usp=sf_link\">https:\/\/docs.google.com\/forms\/d\/e\/1FAIpQLSdvXIcXT5os1XhiqGftx4BQsHnnWGdeRWWMu3ZuY_-PF6uqDA\/viewform?usp=sf_link<\/a><\/p>\n<p class=\"texto\">El d\u00eda de la conversaci\u00f3n les llegar\u00e1, por correo electr\u00f3nico, el enlace de la reuni\u00f3n a quienes se hayan inscripto. Por dudas y consultas, comunicarse al siguiente correo: monasteriojulio@gmail.com<\/p>\n","protected":false},"excerpt":{"rendered":"<p>\u00abPROCESOS DE RACIALIZACI\u00d3N Y CRIMINALIZACI\u00d3N DEL PUEBLO MAPUCHE\u201d El jueves 22 de abril a las 18 (hora de Argentina), se llevar\u00e1 a cabo el segundo encuentro del ciclo de Conversatorio \u201cDisputas en torno a la cultura, la subjetividad y la otredad\u201d. En esta ocasi\u00f3n, el di\u00e1logo se realizar\u00e1 con el Dr. Patricio Lepe-Carri\u00f3n (Universidad de [&hellip;]<\/p>\n","protected":false},"author":2,"featured_media":8420,"comment_status":"open","ping_status":"open","sticky":false,"template":"","format":"standard","meta":{"footnotes":""},"categories":[13,5],"tags":[],"class_list":["post-8419","post","type-post","status-publish","format-standard","has-post-thumbnail","hentry","category-13","category-notifadecs"],"_links":{"self":[{"href":"https:\/\/fadeweb.uncoma.edu.ar\/index.php\/wp-json\/wp\/v2\/posts\/8419","targetHints":{"allow":["GET"]}}],"collection":[{"href":"https:\/\/fadeweb.uncoma.edu.ar\/index.php\/wp-json\/wp\/v2\/posts"}],"about":[{"href":"https:\/\/fadeweb.uncoma.edu.ar\/index.php\/wp-json\/wp\/v2\/types\/post"}],"author":[{"embeddable":true,"href":"https:\/\/fadeweb.uncoma.edu.ar\/index.php\/wp-json\/wp\/v2\/users\/2"}],"replies":[{"embeddable":true,"href":"https:\/\/fadeweb.uncoma.edu.ar\/index.php\/wp-json\/wp\/v2\/comments?post=8419"}],"version-history":[{"count":1,"href":"https:\/\/fadeweb.uncoma.edu.ar\/index.php\/wp-json\/wp\/v2\/posts\/8419\/revisions"}],"predecessor-version":[{"id":8421,"href":"https:\/\/fadeweb.uncoma.edu.ar\/index.php\/wp-json\/wp\/v2\/posts\/8419\/revisions\/8421"}],"wp:featuredmedia":[{"embeddable":true,"href":"https:\/\/fadeweb.uncoma.edu.ar\/index.php\/wp-json\/wp\/v2\/media\/8420"}],"wp:attachment":[{"href":"https:\/\/fadeweb.uncoma.edu.ar\/index.php\/wp-json\/wp\/v2\/media?parent=8419"}],"wp:term":[{"taxonomy":"category","embeddable":true,"href":"https:\/\/fadeweb.uncoma.edu.ar\/index.php\/wp-json\/wp\/v2\/categories?post=8419"},{"taxonomy":"post_tag","embeddable":true,"href":"https:\/\/fadeweb.uncoma.edu.ar\/index.php\/wp-json\/wp\/v2\/tags?post=8419"}],"curies":[{"name":"wp","href":"https:\/\/api.w.org\/{rel}","templated":true}]}}