{"id":8414,"date":"2021-04-16T09:43:24","date_gmt":"2021-04-16T12:43:24","guid":{"rendered":"http:\/\/170.210.81.106\/newfade\/?p=8414"},"modified":"2022-10-25T09:44:26","modified_gmt":"2022-10-25T12:44:26","slug":"taller-promocion-derechos-humanos-para-personas-mayores-de-la-convencion-a-la-accion","status":"publish","type":"post","link":"https:\/\/fadeweb.uncoma.edu.ar\/index.php\/2021\/04\/16\/taller-promocion-derechos-humanos-para-personas-mayores-de-la-convencion-a-la-accion\/","title":{"rendered":"TALLER PROMOCI\u00d3N \u201cDERECHOS HUMANOS PARA PERSONAS MAYORES, DE LA CONVENCI\u00d3N A LA ACCI\u00d3N\u201d"},"content":{"rendered":"<p class=\"subt1\"><a href=\"https:\/\/fadeweb.uncoma.edu.ar\/wp-content\/uploads\/2022\/10\/taller-p.jpg\"><img fetchpriority=\"high\" decoding=\"async\" class=\"aligncenter wp-image-8415 size-large\" src=\"https:\/\/fadeweb.uncoma.edu.ar\/wp-content\/uploads\/2022\/10\/taller-p-1024x1024.jpg\" alt=\"\" width=\"800\" height=\"800\" srcset=\"https:\/\/fadeweb.uncoma.edu.ar\/wp-content\/uploads\/2022\/10\/taller-p-1024x1024.jpg 1024w, https:\/\/fadeweb.uncoma.edu.ar\/wp-content\/uploads\/2022\/10\/taller-p-300x300.jpg 300w, https:\/\/fadeweb.uncoma.edu.ar\/wp-content\/uploads\/2022\/10\/taller-p-150x150.jpg 150w, https:\/\/fadeweb.uncoma.edu.ar\/wp-content\/uploads\/2022\/10\/taller-p-768x769.jpg 768w, https:\/\/fadeweb.uncoma.edu.ar\/wp-content\/uploads\/2022\/10\/taller-p.jpg 1279w\" sizes=\"(max-width: 800px) 100vw, 800px\" \/><\/a><\/p>\n<p class=\"texto\">El Programa Universitario de Formaci\u00f3n de Adultos, de la Secretar\u00eda de Extensi\u00f3n Universitaria de la UNCo, convoca al Taller Promoci\u00f3n \u201cDerechos Humanos para Personas Mayores, de la Convenci\u00f3n a la Acci\u00f3n\u201d, que se dictar\u00e1 el lunes 19 de abril, de 17 a 20, en el Centro Comunitario del barrio 250 viviendas, en calle Paran\u00e1, entre Panam\u00e1 y Epifanio, de General Roca. El taller estar\u00e1 a cargo del Licenciado Alejandro Goya Villagr\u00e1n (Coordinador Acad\u00e9mico Programa Universitario de Formaci\u00f3n de Adultos).<\/p>\n<p class=\"texto\">Esta actividad est\u00e1 destinada a t\u00e9cnicos, profesionales, personal legislativo, administrativos pertenecientes a \u00e1reas para personas mayores a nivel municipal, provincial, coordinadores\/as grupales, estudiantes, y a toda persona vinculadas a adultos mayores.<\/p>\n<p class=\"texto\">Los Objetivos del taller son:<br \/>\n&#8211; Promocionar la Convenci\u00f3n Interamericana sobre la Protecci\u00f3n de los Derechos Humanos de las Personas Mayores.<br \/>\n&#8211; Abordar aspectos demogr\u00e1ficos sobre envejecimiento.<br \/>\n&#8211; Construir acciones que favorezcan la efectivizaci\u00f3n y cumplimiento de la Convenci\u00f3n.<\/p>\n<p class=\"texto\">La actividad es libre y gratuita, y se entregar\u00e1n Certificados de Participaci\u00f3n, con aval de la Secretar\u00eda de Extensi\u00f3n Universitaria (Disposici\u00f3n N\u00b0004\/2021).<\/p>\n<p class=\"texto\">Es organizada por la Asociaci\u00f3n de Trans y Trabajadorxs Sexuales (A.T.T.S) por la disidencia sexual, PAMI R\u00edo Negro y Programa Universitario de Formaci\u00f3n de Adultos de la Secretaria de Extensi\u00f3n Universitaria.<\/p>\n<p class=\"texto\">Las consultas se pueden hacer al n\u00famero 298 4218517.<\/p>\n","protected":false},"excerpt":{"rendered":"<p>El Programa Universitario de Formaci\u00f3n de Adultos, de la Secretar\u00eda de Extensi\u00f3n Universitaria de la UNCo, convoca al Taller Promoci\u00f3n \u201cDerechos Humanos para Personas Mayores, de la Convenci\u00f3n a la Acci\u00f3n\u201d, que se dictar\u00e1 el lunes 19 de abril, de 17 a 20, en el Centro Comunitario del barrio 250 viviendas, en calle Paran\u00e1, entre [&hellip;]<\/p>\n","protected":false},"author":2,"featured_media":8415,"comment_status":"open","ping_status":"open","sticky":false,"template":"","format":"standard","meta":{"footnotes":""},"categories":[13,5],"tags":[],"class_list":["post-8414","post","type-post","status-publish","format-standard","has-post-thumbnail","hentry","category-13","category-notifadecs"],"_links":{"self":[{"href":"https:\/\/fadeweb.uncoma.edu.ar\/index.php\/wp-json\/wp\/v2\/posts\/8414","targetHints":{"allow":["GET"]}}],"collection":[{"href":"https:\/\/fadeweb.uncoma.edu.ar\/index.php\/wp-json\/wp\/v2\/posts"}],"about":[{"href":"https:\/\/fadeweb.uncoma.edu.ar\/index.php\/wp-json\/wp\/v2\/types\/post"}],"author":[{"embeddable":true,"href":"https:\/\/fadeweb.uncoma.edu.ar\/index.php\/wp-json\/wp\/v2\/users\/2"}],"replies":[{"embeddable":true,"href":"https:\/\/fadeweb.uncoma.edu.ar\/index.php\/wp-json\/wp\/v2\/comments?post=8414"}],"version-history":[{"count":1,"href":"https:\/\/fadeweb.uncoma.edu.ar\/index.php\/wp-json\/wp\/v2\/posts\/8414\/revisions"}],"predecessor-version":[{"id":8416,"href":"https:\/\/fadeweb.uncoma.edu.ar\/index.php\/wp-json\/wp\/v2\/posts\/8414\/revisions\/8416"}],"wp:featuredmedia":[{"embeddable":true,"href":"https:\/\/fadeweb.uncoma.edu.ar\/index.php\/wp-json\/wp\/v2\/media\/8415"}],"wp:attachment":[{"href":"https:\/\/fadeweb.uncoma.edu.ar\/index.php\/wp-json\/wp\/v2\/media?parent=8414"}],"wp:term":[{"taxonomy":"category","embeddable":true,"href":"https:\/\/fadeweb.uncoma.edu.ar\/index.php\/wp-json\/wp\/v2\/categories?post=8414"},{"taxonomy":"post_tag","embeddable":true,"href":"https:\/\/fadeweb.uncoma.edu.ar\/index.php\/wp-json\/wp\/v2\/tags?post=8414"}],"curies":[{"name":"wp","href":"https:\/\/api.w.org\/{rel}","templated":true}]}}