{"id":8374,"date":"2021-04-28T08:10:16","date_gmt":"2021-04-28T11:10:16","guid":{"rendered":"http:\/\/170.210.81.106\/newfade\/?p=8374"},"modified":"2022-10-25T08:10:58","modified_gmt":"2022-10-25T11:10:58","slug":"hoy-jornada-marisa-herrera-sobre-aplicacion-de-la-ley-i-v-e-y-el-plan-mil-dias","status":"publish","type":"post","link":"https:\/\/fadeweb.uncoma.edu.ar\/index.php\/2021\/04\/28\/hoy-jornada-marisa-herrera-sobre-aplicacion-de-la-ley-i-v-e-y-el-plan-mil-dias\/","title":{"rendered":"HOY, JORNADA MARISA HERRERA SOBRE APLICACI\u00d3N DE LA LEY I.V.E Y EL PLAN MIL D\u00cdAS"},"content":{"rendered":"<p class=\"subt1\"><img fetchpriority=\"high\" decoding=\"async\" class=\"aligncenter wp-image-8375 size-large\" src=\"https:\/\/fadeweb.uncoma.edu.ar\/wp-content\/uploads\/2022\/10\/mh01-copiaHOY-1024x1024.jpg\" alt=\"\" width=\"800\" height=\"800\" srcset=\"https:\/\/fadeweb.uncoma.edu.ar\/wp-content\/uploads\/2022\/10\/mh01-copiaHOY-1024x1024.jpg 1024w, https:\/\/fadeweb.uncoma.edu.ar\/wp-content\/uploads\/2022\/10\/mh01-copiaHOY-300x300.jpg 300w, https:\/\/fadeweb.uncoma.edu.ar\/wp-content\/uploads\/2022\/10\/mh01-copiaHOY-150x150.jpg 150w, https:\/\/fadeweb.uncoma.edu.ar\/wp-content\/uploads\/2022\/10\/mh01-copiaHOY-768x768.jpg 768w, https:\/\/fadeweb.uncoma.edu.ar\/wp-content\/uploads\/2022\/10\/mh01-copiaHOY-1536x1536.jpg 1536w, https:\/\/fadeweb.uncoma.edu.ar\/wp-content\/uploads\/2022\/10\/mh01-copiaHOY.jpg 1920w\" sizes=\"(max-width: 800px) 100vw, 800px\" \/><\/p>\n<p class=\"texto\">La Secretar\u00eda de Extensi\u00f3n de la FADECS-UNCo invita a la Jornada sobre Aplicaci\u00f3n de la Ley N\u00b0 27.610 de Acceso a la Interrupci\u00f3n Voluntaria del Embarazo (IVE), as\u00ed como de la ley del Plan Mil D\u00edas de cuidado integral de salud en el embarazo y la primera infancia. El encuentro se llevar\u00e1 a cabo hoy, <strong>mi\u00e9rcoles 28 de abril, de 18 a 20<\/strong>, con modalidad virtual a trav\u00e9s de la plataforma Zoom, y estar\u00e1 a cargo de la Dra. Marisa Herrera.<\/p>\n<p class=\"texto\">La jornada cuenta con Aval institucional de la FADECS por considerar \u201cde importancia para nuestra Unidad acad\u00e9mica, ya que la mencionada ley es un reclamo hist\u00f3rico del feminismo que ahora busca garantizar su cumplimiento efectivo; por cuanto tratar, comentar y debatir tales temas es una forma de empezar a saldar la deuda que la sociedad ha tenido con los cuerpos gestantes\u201d.<\/p>\n<p class=\"texto\">Es una actividad libre y gratuita, se requerir\u00e1 inscripci\u00f3n previa a trav\u00e9s del formulario:\u00a0<a href=\"https:\/\/docs.google.com\/forms\/d\/e\/1FAIpQLSeswGJS7NLRlEtmARJgy-i5SaUxyfC1Nka264DIDKeaQzVWqw\/viewform\">https:\/\/docs.google.com\/forms\/d\/e\/1FAIpQLSeswGJS7NLRlEtmARJgy-i5SaUxyfC1Nka264DIDKeaQzVWqw\/viewform<\/a><\/p>\n<p class=\"texto\">o del correo:\u00a0<a href=\"mailto:inscripciones.extensionfadecs@gmail.com\">inscripciones.extensionfadecs@gmail.com<\/a><\/p>\n<p class=\"texto\">Se entregar\u00e1n certificados de asistencia.<\/p>\n<p class=\"texto\"><strong>Importante:<\/strong>\u00a0se informa que las inscripciones para acceder a la Jornada, v\u00eda plataforma Zoom, han cubierto el cupo permitido. Por cuanto, los inscriptos a partir del d\u00eda de la fecha, lunes 19 de abril, podr\u00e1n visualizar la Jornada a trav\u00e9s del canal institucional de YouTube de la FADECS:\u00a0<a href=\"https:\/\/www.youtube.com\/c\/FADECSUNComahue\">https:\/\/www.youtube.com\/c\/FADECSUNComahue<\/a><\/p>\n","protected":false},"excerpt":{"rendered":"<p>La Secretar\u00eda de Extensi\u00f3n de la FADECS-UNCo invita a la Jornada sobre Aplicaci\u00f3n de la Ley N\u00b0 27.610 de Acceso a la Interrupci\u00f3n Voluntaria del Embarazo (IVE), as\u00ed como de la ley del Plan Mil D\u00edas de cuidado integral de salud en el embarazo y la primera infancia. El encuentro se llevar\u00e1 a cabo hoy, [&hellip;]<\/p>\n","protected":false},"author":2,"featured_media":8375,"comment_status":"open","ping_status":"open","sticky":false,"template":"","format":"standard","meta":{"footnotes":""},"categories":[13,5],"tags":[],"class_list":["post-8374","post","type-post","status-publish","format-standard","has-post-thumbnail","hentry","category-13","category-notifadecs"],"_links":{"self":[{"href":"https:\/\/fadeweb.uncoma.edu.ar\/index.php\/wp-json\/wp\/v2\/posts\/8374","targetHints":{"allow":["GET"]}}],"collection":[{"href":"https:\/\/fadeweb.uncoma.edu.ar\/index.php\/wp-json\/wp\/v2\/posts"}],"about":[{"href":"https:\/\/fadeweb.uncoma.edu.ar\/index.php\/wp-json\/wp\/v2\/types\/post"}],"author":[{"embeddable":true,"href":"https:\/\/fadeweb.uncoma.edu.ar\/index.php\/wp-json\/wp\/v2\/users\/2"}],"replies":[{"embeddable":true,"href":"https:\/\/fadeweb.uncoma.edu.ar\/index.php\/wp-json\/wp\/v2\/comments?post=8374"}],"version-history":[{"count":1,"href":"https:\/\/fadeweb.uncoma.edu.ar\/index.php\/wp-json\/wp\/v2\/posts\/8374\/revisions"}],"predecessor-version":[{"id":8376,"href":"https:\/\/fadeweb.uncoma.edu.ar\/index.php\/wp-json\/wp\/v2\/posts\/8374\/revisions\/8376"}],"wp:featuredmedia":[{"embeddable":true,"href":"https:\/\/fadeweb.uncoma.edu.ar\/index.php\/wp-json\/wp\/v2\/media\/8375"}],"wp:attachment":[{"href":"https:\/\/fadeweb.uncoma.edu.ar\/index.php\/wp-json\/wp\/v2\/media?parent=8374"}],"wp:term":[{"taxonomy":"category","embeddable":true,"href":"https:\/\/fadeweb.uncoma.edu.ar\/index.php\/wp-json\/wp\/v2\/categories?post=8374"},{"taxonomy":"post_tag","embeddable":true,"href":"https:\/\/fadeweb.uncoma.edu.ar\/index.php\/wp-json\/wp\/v2\/tags?post=8374"}],"curies":[{"name":"wp","href":"https:\/\/api.w.org\/{rel}","templated":true}]}}