{"id":8360,"date":"2021-04-30T07:29:00","date_gmt":"2021-04-30T10:29:00","guid":{"rendered":"http:\/\/170.210.81.106\/newfade\/?p=8360"},"modified":"2022-10-25T07:29:44","modified_gmt":"2022-10-25T10:29:44","slug":"jornada-sobre-el-derecho-a-la-salud-en-clave-no-punitivista","status":"publish","type":"post","link":"https:\/\/fadeweb.uncoma.edu.ar\/index.php\/2021\/04\/30\/jornada-sobre-el-derecho-a-la-salud-en-clave-no-punitivista\/","title":{"rendered":"JORNADA SOBRE EL DERECHO A LA SALUD EN CLAVE NO PUNITIVISTA"},"content":{"rendered":"<p class=\"subt1\"><img fetchpriority=\"high\" decoding=\"async\" class=\"aligncenter wp-image-8361 size-large\" src=\"https:\/\/fadeweb.uncoma.edu.ar\/wp-content\/uploads\/2022\/10\/mh-1024x666.jpg\" alt=\"\" width=\"800\" height=\"520\" srcset=\"https:\/\/fadeweb.uncoma.edu.ar\/wp-content\/uploads\/2022\/10\/mh-1024x666.jpg 1024w, https:\/\/fadeweb.uncoma.edu.ar\/wp-content\/uploads\/2022\/10\/mh-300x195.jpg 300w, https:\/\/fadeweb.uncoma.edu.ar\/wp-content\/uploads\/2022\/10\/mh-768x500.jpg 768w, https:\/\/fadeweb.uncoma.edu.ar\/wp-content\/uploads\/2022\/10\/mh.jpg 1368w\" sizes=\"(max-width: 800px) 100vw, 800px\" \/><\/p>\n<p class=\"texto\">El mi\u00e9rcoles 28 de abril se realiz\u00f3 en la FADECS-UNCo, a trav\u00e9s de la plataforma Zoom, la Jornada sobre Aplicaci\u00f3n de la Ley N\u00b0 27.610 de Acceso a la Interrupci\u00f3n Voluntaria del Embarazo (IVE), as\u00ed como de la ley del Plan Mil D\u00edas de cuidado integral de salud en el embarazo y la primera infancia, con la participaci\u00f3n de la Dra. Marisa Herrera.<\/p>\n<p class=\"texto\">La bienvenida a la disertante estuvo a cargo de la Secretaria de Extensi\u00f3n Abog. Sof\u00eda Szechenyi, quien agradeci\u00f3 en nombre del decano Lic. Andr\u00e9s Ponce de Le\u00f3n y la vicedecana Abog. Mar\u00eda Raquel Calvo \u201cpor brindarnos una vez m\u00e1s en forma abierta y gratuita una charla en donde se abordar\u00e1n dos temas que son un hito en la historia de la lucha por los derechos de las mujeres y de los ni\u00f1os y ni\u00f1as. De esta forma estamos colocando en l\u00ednea a nuestra legislaci\u00f3n con los tratados internacionales de DDHH, con la jurisprudencia de la Corte Interamericana de DDHH y de la Corte Suprema de Justicia de la Naci\u00f3n\u201d, dijo.<\/p>\n<p class=\"texto\">La Dra. Herrera, que es considerada una \u201cprofesional amiga de nuestra casa\u201d, abri\u00f3 la charla expresando que mantiene \u201cun v\u00ednculo especial con la UNCo, el que tiene toda esa connotaci\u00f3n de la academia con contenido y afecto\u201d. A continuaci\u00f3n hizo referencia a la importancia de visualizar \u201clas claves con una visi\u00f3n cr\u00edtica, para que la aplicaci\u00f3n de la ley pueda ser la mejor posible, en clave pr\u00e1ctica\u201d.<\/p>\n<p class=\"texto\">La disertante se manifest\u00f3 \u201cfeminista popular no punitivista\u201d y puso en el centro al Derecho Penal como \u00e1mbito de debate de estas cuestiones. Se cumplen cien a\u00f1os del C\u00f3digo Penal, en donde se transit\u00f3 desde la\u00a0 despenalizaci\u00f3n a la legalizaci\u00f3n, de la cuesti\u00f3n penal a la cuesti\u00f3n administrativa civil; por eso, las leyes IVE y del Plan Mil D\u00edas son de estas caracter\u00edsticas, donde el derecho a la salud est\u00e1 en centro de la escena y forma parte de un debate, de una reconstrucci\u00f3n-deconstrucci\u00f3n para ir viendo que el campo del Derecho Penal no da respuesta y debemos dar otro debate m\u00e1s profundo\u201d, dijo.<\/p>\n<p class=\"texto\">La Jornada sobre Aplicaci\u00f3n de la Ley N\u00b0 27.610 de Acceso a la Interrupci\u00f3n Voluntaria del Embarazo (IVE) y de la ley del Plan Mil D\u00edas qued\u00f3 grabada en el canal de YouTube de la FADECS-UNCo y se puede visualizar por medio del siguiente v\u00ednculo: <a href=\"https:\/\/cutt.ly\/fbfgyjm\">https:\/\/cutt.ly\/fbfgyjm<\/a><\/p>\n","protected":false},"excerpt":{"rendered":"<p>El mi\u00e9rcoles 28 de abril se realiz\u00f3 en la FADECS-UNCo, a trav\u00e9s de la plataforma Zoom, la Jornada sobre Aplicaci\u00f3n de la Ley N\u00b0 27.610 de Acceso a la Interrupci\u00f3n Voluntaria del Embarazo (IVE), as\u00ed como de la ley del Plan Mil D\u00edas de cuidado integral de salud en el embarazo y la primera infancia, [&hellip;]<\/p>\n","protected":false},"author":2,"featured_media":8361,"comment_status":"open","ping_status":"open","sticky":false,"template":"","format":"standard","meta":{"footnotes":""},"categories":[13,5],"tags":[],"class_list":["post-8360","post","type-post","status-publish","format-standard","has-post-thumbnail","hentry","category-13","category-notifadecs"],"_links":{"self":[{"href":"https:\/\/fadeweb.uncoma.edu.ar\/index.php\/wp-json\/wp\/v2\/posts\/8360","targetHints":{"allow":["GET"]}}],"collection":[{"href":"https:\/\/fadeweb.uncoma.edu.ar\/index.php\/wp-json\/wp\/v2\/posts"}],"about":[{"href":"https:\/\/fadeweb.uncoma.edu.ar\/index.php\/wp-json\/wp\/v2\/types\/post"}],"author":[{"embeddable":true,"href":"https:\/\/fadeweb.uncoma.edu.ar\/index.php\/wp-json\/wp\/v2\/users\/2"}],"replies":[{"embeddable":true,"href":"https:\/\/fadeweb.uncoma.edu.ar\/index.php\/wp-json\/wp\/v2\/comments?post=8360"}],"version-history":[{"count":1,"href":"https:\/\/fadeweb.uncoma.edu.ar\/index.php\/wp-json\/wp\/v2\/posts\/8360\/revisions"}],"predecessor-version":[{"id":8362,"href":"https:\/\/fadeweb.uncoma.edu.ar\/index.php\/wp-json\/wp\/v2\/posts\/8360\/revisions\/8362"}],"wp:featuredmedia":[{"embeddable":true,"href":"https:\/\/fadeweb.uncoma.edu.ar\/index.php\/wp-json\/wp\/v2\/media\/8361"}],"wp:attachment":[{"href":"https:\/\/fadeweb.uncoma.edu.ar\/index.php\/wp-json\/wp\/v2\/media?parent=8360"}],"wp:term":[{"taxonomy":"category","embeddable":true,"href":"https:\/\/fadeweb.uncoma.edu.ar\/index.php\/wp-json\/wp\/v2\/categories?post=8360"},{"taxonomy":"post_tag","embeddable":true,"href":"https:\/\/fadeweb.uncoma.edu.ar\/index.php\/wp-json\/wp\/v2\/tags?post=8360"}],"curies":[{"name":"wp","href":"https:\/\/api.w.org\/{rel}","templated":true}]}}