{"id":8325,"date":"2022-10-24T15:08:40","date_gmt":"2022-10-24T18:08:40","guid":{"rendered":"http:\/\/170.210.81.106\/newfade\/?p=8325"},"modified":"2022-10-24T15:09:23","modified_gmt":"2022-10-24T18:09:23","slug":"jornada-sobre-violencia-domestica-aspectos-legales-de-la-practica-medica","status":"publish","type":"post","link":"https:\/\/fadeweb.uncoma.edu.ar\/index.php\/2022\/10\/24\/jornada-sobre-violencia-domestica-aspectos-legales-de-la-practica-medica\/","title":{"rendered":"JORNADA SOBRE \u00abVIOLENCIA DOM\u00c9STICA &#8211; ASPECTOS LEGALES DE LA PR\u00c1CTICA M\u00c9DICA\u00bb"},"content":{"rendered":"<p><img fetchpriority=\"high\" decoding=\"async\" class=\"size-medium wp-image-8326 alignleft\" src=\"https:\/\/fadeweb.uncoma.edu.ar\/wp-content\/uploads\/2022\/10\/310998693_1549132265604262_430438217864812504_n-300x300.jpg\" alt=\"\" width=\"300\" height=\"300\" srcset=\"https:\/\/fadeweb.uncoma.edu.ar\/wp-content\/uploads\/2022\/10\/310998693_1549132265604262_430438217864812504_n-300x300.jpg 300w, https:\/\/fadeweb.uncoma.edu.ar\/wp-content\/uploads\/2022\/10\/310998693_1549132265604262_430438217864812504_n-1024x1024.jpg 1024w, https:\/\/fadeweb.uncoma.edu.ar\/wp-content\/uploads\/2022\/10\/310998693_1549132265604262_430438217864812504_n-150x150.jpg 150w, https:\/\/fadeweb.uncoma.edu.ar\/wp-content\/uploads\/2022\/10\/310998693_1549132265604262_430438217864812504_n-768x768.jpg 768w, https:\/\/fadeweb.uncoma.edu.ar\/wp-content\/uploads\/2022\/10\/310998693_1549132265604262_430438217864812504_n.jpg 1080w\" sizes=\"(max-width: 300px) 100vw, 300px\" \/> <img decoding=\"async\" class=\"size-medium wp-image-8327 alignleft\" src=\"https:\/\/fadeweb.uncoma.edu.ar\/wp-content\/uploads\/2022\/10\/312253942_1549132205604268_9045482607542349385_n-300x300.jpg\" alt=\"\" width=\"300\" height=\"300\" srcset=\"https:\/\/fadeweb.uncoma.edu.ar\/wp-content\/uploads\/2022\/10\/312253942_1549132205604268_9045482607542349385_n-300x300.jpg 300w, https:\/\/fadeweb.uncoma.edu.ar\/wp-content\/uploads\/2022\/10\/312253942_1549132205604268_9045482607542349385_n-150x150.jpg 150w, https:\/\/fadeweb.uncoma.edu.ar\/wp-content\/uploads\/2022\/10\/312253942_1549132205604268_9045482607542349385_n-768x768.jpg 768w, https:\/\/fadeweb.uncoma.edu.ar\/wp-content\/uploads\/2022\/10\/312253942_1549132205604268_9045482607542349385_n.jpg 960w\" sizes=\"(max-width: 300px) 100vw, 300px\" \/><\/p>\n<p>La Secretar\u00eda de Extensi\u00f3n informa a estudiantes que est\u00e1 abierta la inscripci\u00f3n para participar de la <strong>Jornada<\/strong><strong> sobre \u00abViolencia Dom\u00e9stica &#8211; Aspectos Legales de la Pr\u00e1ctica M\u00e9dica<\/strong>\u00ab, a realizarse de manera<em>\u00a0<\/em><em>presencial<\/em>\u00a0el viernes 28 de octubre de 2022, de 17 a 20 hs, en la sede del <strong>Colegio de Abogadas y Abogados General Roca, en <\/strong>Villegas 967 de nuestra ciudad. Es una actividad <em>no arancelada.<\/em><\/p>\n<p>&nbsp;<\/p>\n<p>En la ocasi\u00f3n, la charla estar\u00e1 a cargo del reconocido Dr. Roberto Foyo, M\u00e9dico Legista, Profesor Regular Adjunto Medicina Legal (UBA), Profesor Titular Medicina Legal (Instituto Universitario del Hospital Italiano), Subsecretario Administrativo Oficina de Violencia Dom\u00e9stica (CSJN).<\/p>\n<p>Se solicita inscripci\u00f3n previa al correo\u00a0<strong>aboroca@aboroca.org.ar<\/strong><\/p>\n","protected":false},"excerpt":{"rendered":"<p>La Secretar\u00eda de Extensi\u00f3n informa a estudiantes que est\u00e1 abierta la inscripci\u00f3n para participar de la Jornada sobre \u00abViolencia Dom\u00e9stica &#8211; Aspectos Legales de la Pr\u00e1ctica M\u00e9dica\u00ab, a realizarse de manera\u00a0presencial\u00a0el viernes 28 de octubre de 2022, de 17 a 20 hs, en la sede del Colegio de Abogadas y Abogados General Roca, en Villegas [&hellip;]<\/p>\n","protected":false},"author":3,"featured_media":8326,"comment_status":"open","ping_status":"open","sticky":false,"template":"","format":"standard","meta":{"footnotes":""},"categories":[49,5],"tags":[],"class_list":["post-8325","post","type-post","status-publish","format-standard","has-post-thumbnail","hentry","category-colegio-de-abogadas-y-abogados-general-roca","category-notifadecs"],"_links":{"self":[{"href":"https:\/\/fadeweb.uncoma.edu.ar\/index.php\/wp-json\/wp\/v2\/posts\/8325","targetHints":{"allow":["GET"]}}],"collection":[{"href":"https:\/\/fadeweb.uncoma.edu.ar\/index.php\/wp-json\/wp\/v2\/posts"}],"about":[{"href":"https:\/\/fadeweb.uncoma.edu.ar\/index.php\/wp-json\/wp\/v2\/types\/post"}],"author":[{"embeddable":true,"href":"https:\/\/fadeweb.uncoma.edu.ar\/index.php\/wp-json\/wp\/v2\/users\/3"}],"replies":[{"embeddable":true,"href":"https:\/\/fadeweb.uncoma.edu.ar\/index.php\/wp-json\/wp\/v2\/comments?post=8325"}],"version-history":[{"count":1,"href":"https:\/\/fadeweb.uncoma.edu.ar\/index.php\/wp-json\/wp\/v2\/posts\/8325\/revisions"}],"predecessor-version":[{"id":8328,"href":"https:\/\/fadeweb.uncoma.edu.ar\/index.php\/wp-json\/wp\/v2\/posts\/8325\/revisions\/8328"}],"wp:featuredmedia":[{"embeddable":true,"href":"https:\/\/fadeweb.uncoma.edu.ar\/index.php\/wp-json\/wp\/v2\/media\/8326"}],"wp:attachment":[{"href":"https:\/\/fadeweb.uncoma.edu.ar\/index.php\/wp-json\/wp\/v2\/media?parent=8325"}],"wp:term":[{"taxonomy":"category","embeddable":true,"href":"https:\/\/fadeweb.uncoma.edu.ar\/index.php\/wp-json\/wp\/v2\/categories?post=8325"},{"taxonomy":"post_tag","embeddable":true,"href":"https:\/\/fadeweb.uncoma.edu.ar\/index.php\/wp-json\/wp\/v2\/tags?post=8325"}],"curies":[{"name":"wp","href":"https:\/\/api.w.org\/{rel}","templated":true}]}}