{"id":8315,"date":"2021-05-12T13:00:07","date_gmt":"2021-05-12T16:00:07","guid":{"rendered":"http:\/\/170.210.81.106\/newfade\/?p=8315"},"modified":"2022-10-24T13:03:32","modified_gmt":"2022-10-24T16:03:32","slug":"se-puso-en-marcha-la-6ta-edicion-de-la-especializacion-en-derecho-administrativo","status":"publish","type":"post","link":"https:\/\/fadeweb.uncoma.edu.ar\/index.php\/2021\/05\/12\/se-puso-en-marcha-la-6ta-edicion-de-la-especializacion-en-derecho-administrativo\/","title":{"rendered":"SE PUSO EN MARCHA LA 6TA EDICI\u00d3N DE LA ESPECIALIZACI\u00d3N EN DERECHO ADMINISTRATIVO"},"content":{"rendered":"<p class=\"subt1\"><img fetchpriority=\"high\" decoding=\"async\" class=\"aligncenter wp-image-8316 size-large\" src=\"https:\/\/fadeweb.uncoma.edu.ar\/wp-content\/uploads\/2022\/10\/apertura-posgrado-fadecs-1024x588.jpeg\" alt=\"\" width=\"800\" height=\"459\" srcset=\"https:\/\/fadeweb.uncoma.edu.ar\/wp-content\/uploads\/2022\/10\/apertura-posgrado-fadecs-1024x588.jpeg 1024w, https:\/\/fadeweb.uncoma.edu.ar\/wp-content\/uploads\/2022\/10\/apertura-posgrado-fadecs-300x172.jpeg 300w, https:\/\/fadeweb.uncoma.edu.ar\/wp-content\/uploads\/2022\/10\/apertura-posgrado-fadecs-768x441.jpeg 768w, https:\/\/fadeweb.uncoma.edu.ar\/wp-content\/uploads\/2022\/10\/apertura-posgrado-fadecs.jpeg 1280w\" sizes=\"(max-width: 800px) 100vw, 800px\" \/><\/p>\n<p class=\"texto\">La sexta edici\u00f3n de la Especializaci\u00f3n en Derecho Administrativo, que se dicta en la Facultad de Derecho y Ciencias Sociales de la UNCo con la colaboraci\u00f3n del Colegio de Abogados y Procuradores de Neuqu\u00e9n, se inici\u00f3 el martes 11 de mayo de 2021 en un acto realizado v\u00eda Zoom.<\/p>\n<p class=\"texto\">La Especializaci\u00f3n est\u00e1 dirigida por el Dr. Pablo Guti\u00e9rrez Colantuono y Codirigida por la Mg. Claudia Marconi; el dictado\u00a0 de\u00a0 clases estar\u00e1 a cargo de un amplio equipo de docentes con distintas miradas federales; y apunta a la formaci\u00f3n de profesionales de la Administraci\u00f3n P\u00fablica, abogados y abogadas que se desempe\u00f1an en los poderes Judicial y\u00a0 Legislativo, y a la abogac\u00eda en general, cuyo inter\u00e9s profesional y\/o acad\u00e9mico sean los derechos fundamentales, las libertades, las garant\u00edas y la actividad administrativa -estatal y no estatal- en miras a la realizaci\u00f3n del bienestar general.<\/p>\n<p class=\"texto\">El acto estuvo presidido por el decano de la FADECS, Licenciado Andr\u00e9s Ponce de Le\u00f3n, el presidente del Colegio de Abogados y Procuradores de Neuqu\u00e9n, Dr. Marcelo Daniel I\u00f1iguez, el director de la Especializaci\u00f3n en Derecho Administrativo, Dr. Pablo Guti\u00e9rrez Colantuono, y el director de Posgrado de FADECS-UNCo, Mg. Juan Carlos Fern\u00e1ndez.<\/p>\n<p class=\"texto\">La bienvenida estuvo a cargo del Dr. Marcelo I\u00f1iguez quien expres\u00f3 su placer por el acercamiento a la Universidad, tanto en grado como en posgrado, y mencion\u00f3 la jerarqu\u00eda de la especializaci\u00f3n, la que lleva muchos a\u00f1os y tiene en su equipo de direcci\u00f3n a excelentes juristas y profesionales, y con un pron\u00f3stico de \u00e9xito enorme.<\/p>\n<p class=\"texto\">El Director de Posgrado Juan Carlos Fern\u00e1ndez manifest\u00f3 que es un momento de suma trascendencia para la gesti\u00f3n de la FADECS, la apertura de esta sexta cohorte de la Especializaci\u00f3n en Derecho Administrativo al tratarse de una de las carreras m\u00e1s consolidadas, maduras y relevantes de la unidad acad\u00e9mica, y posiblemente de la Patagonia argentina, en materia jur\u00eddica.<\/p>\n<p class=\"texto\">Agreg\u00f3 que el equipo de Posgrado de la FADECS ha venido trabajando con el equipo directivo de la carrera para conjugar las dimensiones de la ense\u00f1anza de Posgrado y de la Investigaci\u00f3n, considerando a tal fin la retroalimentaci\u00f3n constante entre los y las docentes de posgrado y quienes lo cursan, que vuelcan, ahora en forma reflexiva, el conocimiento que previa o concomitantemente han adquirido fuera de ella,\u00a0 para que en la Facultad se sedimente como\u00a0 producci\u00f3n bibliogr\u00e1fica.<\/p>\n<p class=\"texto\">A su turno, el decano Ponce de Le\u00f3n dijo que la apertura de una sexta cohorte gratifica a la gesti\u00f3n, ya que hubo mucho trabajo previo para llegar a este momento, lo que se ve enfatizado por el v\u00ednculo generado con los colegios de abogados de Neuqu\u00e9n y de Roca, y en esa l\u00ednea manifest\u00f3 su\u00a0 agradecimiento a todos quienes hicieron posible esta sexta cohorte.<\/p>\n<p class=\"texto\">Finalmente, el Director de la Especializaci\u00f3n, Pablo Guti\u00e9rrez Colantuono agradeci\u00f3 a todos los que hacen posible la construcci\u00f3n de puentes en esta nueva edici\u00f3n del posgrado, recordando que la CONEAU (Comisi\u00f3n Nacional de Evaluaci\u00f3n y Acreditaci\u00f3n Universitaria ) acredit\u00f3 dos veces la Especializaci\u00f3n y la ubic\u00f3 en la categor\u00eda B (muy buena) lo que implica una muy alta evaluaci\u00f3n del cuerpo docente, de sus antecedentes, del sistema de defensa de las tesinas ante un jurado, de la existencia de un alto porcentaje de egresadas\/os que luego integra el cuerpo docente, entre otras dimensiones. Asimismo, destac\u00f3 que \u201cesta nueva edici\u00f3n de la Especializaci\u00f3n en Derecho Administrativo nos invita a atravesar la vida institucional y ciudadana desde la diversidad ideol\u00f3gica y la construcci\u00f3n colectiva desde las distintas miradas\u201d.<\/p>\n<p><span class=\"texto\"> El breve acto concluy\u00f3 para dar paso a la clase inaugural dictada por la\u00a0 profesora Mar\u00eda Gabriela \u00c1balos, Doctora en Ciencias Jur\u00eddicas y Sociales, responsable del dictado de la asignatura\u00a0 \u201cAdministraci\u00f3n y Constituci\u00f3n\u201d, contando con la presencia de aproximadamente ochenta inscriptos.<br \/>\n<\/span><\/p>\n<p class=\"texto\">M\u00e1s informaci\u00f3n en: <a href=\"https:\/\/posgradofadecs.uncoma.edu.ar\/\">https:\/\/posgradofadecs.uncoma.edu.ar\/<\/a><\/p>\n","protected":false},"excerpt":{"rendered":"<p>La sexta edici\u00f3n de la Especializaci\u00f3n en Derecho Administrativo, que se dicta en la Facultad de Derecho y Ciencias Sociales de la UNCo con la colaboraci\u00f3n del Colegio de Abogados y Procuradores de Neuqu\u00e9n, se inici\u00f3 el martes 11 de mayo de 2021 en un acto realizado v\u00eda Zoom. La Especializaci\u00f3n est\u00e1 dirigida por el [&hellip;]<\/p>\n","protected":false},"author":2,"featured_media":8316,"comment_status":"open","ping_status":"open","sticky":false,"template":"","format":"standard","meta":{"footnotes":""},"categories":[13,5],"tags":[],"class_list":["post-8315","post","type-post","status-publish","format-standard","has-post-thumbnail","hentry","category-13","category-notifadecs"],"_links":{"self":[{"href":"https:\/\/fadeweb.uncoma.edu.ar\/index.php\/wp-json\/wp\/v2\/posts\/8315","targetHints":{"allow":["GET"]}}],"collection":[{"href":"https:\/\/fadeweb.uncoma.edu.ar\/index.php\/wp-json\/wp\/v2\/posts"}],"about":[{"href":"https:\/\/fadeweb.uncoma.edu.ar\/index.php\/wp-json\/wp\/v2\/types\/post"}],"author":[{"embeddable":true,"href":"https:\/\/fadeweb.uncoma.edu.ar\/index.php\/wp-json\/wp\/v2\/users\/2"}],"replies":[{"embeddable":true,"href":"https:\/\/fadeweb.uncoma.edu.ar\/index.php\/wp-json\/wp\/v2\/comments?post=8315"}],"version-history":[{"count":1,"href":"https:\/\/fadeweb.uncoma.edu.ar\/index.php\/wp-json\/wp\/v2\/posts\/8315\/revisions"}],"predecessor-version":[{"id":8317,"href":"https:\/\/fadeweb.uncoma.edu.ar\/index.php\/wp-json\/wp\/v2\/posts\/8315\/revisions\/8317"}],"wp:featuredmedia":[{"embeddable":true,"href":"https:\/\/fadeweb.uncoma.edu.ar\/index.php\/wp-json\/wp\/v2\/media\/8316"}],"wp:attachment":[{"href":"https:\/\/fadeweb.uncoma.edu.ar\/index.php\/wp-json\/wp\/v2\/media?parent=8315"}],"wp:term":[{"taxonomy":"category","embeddable":true,"href":"https:\/\/fadeweb.uncoma.edu.ar\/index.php\/wp-json\/wp\/v2\/categories?post=8315"},{"taxonomy":"post_tag","embeddable":true,"href":"https:\/\/fadeweb.uncoma.edu.ar\/index.php\/wp-json\/wp\/v2\/tags?post=8315"}],"curies":[{"name":"wp","href":"https:\/\/api.w.org\/{rel}","templated":true}]}}