{"id":8309,"date":"2021-05-12T12:54:41","date_gmt":"2021-05-12T15:54:41","guid":{"rendered":"http:\/\/170.210.81.106\/newfade\/?p=8309"},"modified":"2022-10-24T12:56:52","modified_gmt":"2022-10-24T15:56:52","slug":"conversatorio-solidaridad-y-apoyo-al-pueblo-de-colombia-su-lucha-es-nuestra-lucha","status":"publish","type":"post","link":"https:\/\/fadeweb.uncoma.edu.ar\/index.php\/2021\/05\/12\/conversatorio-solidaridad-y-apoyo-al-pueblo-de-colombia-su-lucha-es-nuestra-lucha\/","title":{"rendered":"CONVERSATORIO: SOLIDARIDAD Y APOYO AL PUEBLO DE COLOMBIA. SU LUCHA ES NUESTRA LUCHA"},"content":{"rendered":"<p class=\"subt1\"><img fetchpriority=\"high\" decoding=\"async\" class=\"aligncenter wp-image-8310 size-large\" src=\"https:\/\/fadeweb.uncoma.edu.ar\/wp-content\/uploads\/2022\/10\/colombia-1024x1024.jpg\" alt=\"\" width=\"800\" height=\"800\" srcset=\"https:\/\/fadeweb.uncoma.edu.ar\/wp-content\/uploads\/2022\/10\/colombia-1024x1024.jpg 1024w, https:\/\/fadeweb.uncoma.edu.ar\/wp-content\/uploads\/2022\/10\/colombia-300x300.jpg 300w, https:\/\/fadeweb.uncoma.edu.ar\/wp-content\/uploads\/2022\/10\/colombia-150x150.jpg 150w, https:\/\/fadeweb.uncoma.edu.ar\/wp-content\/uploads\/2022\/10\/colombia-768x768.jpg 768w, https:\/\/fadeweb.uncoma.edu.ar\/wp-content\/uploads\/2022\/10\/colombia-1536x1536.jpg 1536w, https:\/\/fadeweb.uncoma.edu.ar\/wp-content\/uploads\/2022\/10\/colombia.jpg 1920w\" sizes=\"(max-width: 800px) 100vw, 800px\" \/><\/p>\n<p class=\"texto\">La Secretar\u00eda de Extensi\u00f3n de la FADECS-UNCo invita al Conversatorio: Solidaridad y apoyo al pueblo de Colombia. Su lucha es nuestra lucha, que se realizar\u00e1 el viernes 14 de mayo a las 16 hs (Argentina) 14 hs (Colombia).<\/p>\n<p class=\"texto\">Es una actividad gratuita y abierta a todas\/os las\/los interesadas\/os, y se entregar\u00e1n certificados de asistencia.<\/p>\n<p class=\"texto\"><strong>Invitados confirmados: <\/strong><\/p>\n<ul type=\"disc\">\n<li class=\"texto\">Uldarico Fl\u00f3rez-Pe\u00f1a, Abogado Defensor de Derechos Humanos, Presidente de la Brigada Jur\u00eddica Eduardo Uma\u00f1a Mendoza.<\/li>\n<li class=\"texto\">Andr\u00e9s Angulo Linares, Comunicador social \u2013 periodista, fundador\/director de Rugidos Disidentes \u2013Revista Digital Cultural Alternativa (<a href=\"https:\/\/rugidosdisidentes.co\/\">https:\/\/rugidosdisidentes.co<\/a>), medio est\u00e1 pr\u00f3ximo a completar siete a\u00f1os de trayectoria. Miembro del equipo de trabajo de Como La Cigarra Radio (<a href=\"https:\/\/www.comolacigarraradio.com\/\">https:\/\/comolacigarraradio.com<\/a>), plataforma comunicativa popular.<\/li>\n<li class=\"texto\">Alberto Franco, de la Red Iglesias y Miner\u00eda<\/li>\n<\/ul>\n<p class=\"texto\"><strong>Organizan:<\/strong> Secretar\u00eda de Extensi\u00f3n y Asuntos Estudiantiles, Secretar\u00eda de Derechos Humanos, Seminario de Derechos Humanos, Observatorio de Derechos Humanos, Red por la identidad nodo Fiske Menuco y FM Antena Libre, y a la Red Iglesias y Miner\u00eda Nodo Argentina.<\/p>\n<p class=\"texto\">Las consultas se pueden realizar a: inscripciones.extensionfadecs@gmail.com<\/p>\n<p class=\"texto\"><strong>Las inscripciones<\/strong> se pueden realizar en el <a href=\"https:\/\/docs.google.com\/forms\/d\/e\/1FAIpQLSdwskCR9hqFa9imdmlg4ax8WFYz7smuSrxC9VFDzG8uQtt6xw\/viewform?usp=sf_link\"><strong>siguiente formulario:<\/strong><\/a><\/p>\n<p class=\"texto\"><strong>Link de zoom: <\/strong><\/p>\n<p class=\"texto\">Secretar\u00eda de Extensi\u00f3n y Asuntos Estudiantiles FADECS-UNCo le est\u00e1 invitando a una reuni\u00f3n de Zoom programada.<\/p>\n<p class=\"texto\">Tema: Solidaridad y apoyo al pueblo de Colombia. Su lucha es nuestra lucha<br \/>\nHora: 14 may. 2021 04:00 p. m. Buenos Aires, Georgetown<\/p>\n<p class=\"texto\"><strong><a href=\"https:\/\/us02web.zoom.us\/j\/87490280058?pwd=ZU9mazdvWGJxdzEzcUlKV1JjWG5kUT09\">Unirse a la reuni\u00f3n Zoom<\/a><\/strong><\/p>\n<p class=\"texto\">ID de reuni\u00f3n: 874 9028 0058<\/p>\n<p class=\"texto\">C\u00f3digo de acceso: 273242<\/p>\n","protected":false},"excerpt":{"rendered":"<p>La Secretar\u00eda de Extensi\u00f3n de la FADECS-UNCo invita al Conversatorio: Solidaridad y apoyo al pueblo de Colombia. Su lucha es nuestra lucha, que se realizar\u00e1 el viernes 14 de mayo a las 16 hs (Argentina) 14 hs (Colombia). Es una actividad gratuita y abierta a todas\/os las\/los interesadas\/os, y se entregar\u00e1n certificados de asistencia. Invitados [&hellip;]<\/p>\n","protected":false},"author":2,"featured_media":8310,"comment_status":"open","ping_status":"open","sticky":false,"template":"","format":"standard","meta":{"footnotes":""},"categories":[13,5],"tags":[],"class_list":["post-8309","post","type-post","status-publish","format-standard","has-post-thumbnail","hentry","category-13","category-notifadecs"],"_links":{"self":[{"href":"https:\/\/fadeweb.uncoma.edu.ar\/index.php\/wp-json\/wp\/v2\/posts\/8309","targetHints":{"allow":["GET"]}}],"collection":[{"href":"https:\/\/fadeweb.uncoma.edu.ar\/index.php\/wp-json\/wp\/v2\/posts"}],"about":[{"href":"https:\/\/fadeweb.uncoma.edu.ar\/index.php\/wp-json\/wp\/v2\/types\/post"}],"author":[{"embeddable":true,"href":"https:\/\/fadeweb.uncoma.edu.ar\/index.php\/wp-json\/wp\/v2\/users\/2"}],"replies":[{"embeddable":true,"href":"https:\/\/fadeweb.uncoma.edu.ar\/index.php\/wp-json\/wp\/v2\/comments?post=8309"}],"version-history":[{"count":1,"href":"https:\/\/fadeweb.uncoma.edu.ar\/index.php\/wp-json\/wp\/v2\/posts\/8309\/revisions"}],"predecessor-version":[{"id":8311,"href":"https:\/\/fadeweb.uncoma.edu.ar\/index.php\/wp-json\/wp\/v2\/posts\/8309\/revisions\/8311"}],"wp:featuredmedia":[{"embeddable":true,"href":"https:\/\/fadeweb.uncoma.edu.ar\/index.php\/wp-json\/wp\/v2\/media\/8310"}],"wp:attachment":[{"href":"https:\/\/fadeweb.uncoma.edu.ar\/index.php\/wp-json\/wp\/v2\/media?parent=8309"}],"wp:term":[{"taxonomy":"category","embeddable":true,"href":"https:\/\/fadeweb.uncoma.edu.ar\/index.php\/wp-json\/wp\/v2\/categories?post=8309"},{"taxonomy":"post_tag","embeddable":true,"href":"https:\/\/fadeweb.uncoma.edu.ar\/index.php\/wp-json\/wp\/v2\/tags?post=8309"}],"curies":[{"name":"wp","href":"https:\/\/api.w.org\/{rel}","templated":true}]}}