{"id":8107,"date":"2021-06-04T07:31:53","date_gmt":"2021-06-04T10:31:53","guid":{"rendered":"http:\/\/170.210.81.106\/newfade\/?p=8107"},"modified":"2022-10-20T07:32:28","modified_gmt":"2022-10-20T10:32:28","slug":"taller-de-radio-para-grupo-inca-desde-antena-libre","status":"publish","type":"post","link":"https:\/\/fadeweb.uncoma.edu.ar\/index.php\/2021\/06\/04\/taller-de-radio-para-grupo-inca-desde-antena-libre\/","title":{"rendered":"TALLER DE RADIO PARA GRUPO INCA DESDE ANTENA LIBRE"},"content":{"rendered":"<p class=\"subt1\"><img fetchpriority=\"high\" decoding=\"async\" class=\"aligncenter wp-image-8108 size-large\" src=\"https:\/\/fadeweb.uncoma.edu.ar\/wp-content\/uploads\/2022\/10\/mifrofono-y-pc-1024x641.jpg\" alt=\"\" width=\"800\" height=\"501\" srcset=\"https:\/\/fadeweb.uncoma.edu.ar\/wp-content\/uploads\/2022\/10\/mifrofono-y-pc-1024x641.jpg 1024w, https:\/\/fadeweb.uncoma.edu.ar\/wp-content\/uploads\/2022\/10\/mifrofono-y-pc-300x188.jpg 300w, https:\/\/fadeweb.uncoma.edu.ar\/wp-content\/uploads\/2022\/10\/mifrofono-y-pc-768x480.jpg 768w, https:\/\/fadeweb.uncoma.edu.ar\/wp-content\/uploads\/2022\/10\/mifrofono-y-pc-1536x961.jpg 1536w, https:\/\/fadeweb.uncoma.edu.ar\/wp-content\/uploads\/2022\/10\/mifrofono-y-pc.jpg 1920w\" sizes=\"(max-width: 800px) 100vw, 800px\" \/><\/p>\n<p class=\"texto\">Antena Libre comienza este s\u00e1bado 5 de junio una capacitaci\u00f3n para 18 integrantes de la Asociaci\u00f3n Civil INCA, que agrupa estudiantes con distintas discapacidades de la sede Roca de la Universidad Nacional del Comahue.<\/p>\n<p class=\"texto\">En continuidad de las instancias de capacitaci\u00f3n en radio que brinda la emisora universitaria de Roca, este s\u00e1bado desde las 10 comenzar\u00e1 en forma virtual una actividad que se extender\u00e1 durante tres semanas.<\/p>\n<p class=\"texto\">Anteriormente participaron cerca de 30 talleristas de organizaciones de R\u00edo Negro y Neuqu\u00e9n en seis encuentros en donde se comparti\u00f3 informaci\u00f3n sobre elementos b\u00e1sicos de la radio y la generaci\u00f3n de proyectos en base al medio de comunicaci\u00f3n.<br \/>\nEst\u00e1 previsto que para lo que resta del a\u00f1o se dicten talleres, siempre en forma virtual, para establecimientos escolares y radios municipales de R\u00edo Negro y Neuqu\u00e9n.<\/p>\n<p class=\"texto\">Las capacitaciones son dictadas en forma virtual, a trav\u00e9s de Google Meet, por el docente y periodista Marcelo Miranda y en la que tambi\u00e9n participan miembros del personal de radio Antena Libre, emisora de la Universidad Nacional del Comahue en Roca.<\/p>\n","protected":false},"excerpt":{"rendered":"<p>Antena Libre comienza este s\u00e1bado 5 de junio una capacitaci\u00f3n para 18 integrantes de la Asociaci\u00f3n Civil INCA, que agrupa estudiantes con distintas discapacidades de la sede Roca de la Universidad Nacional del Comahue. En continuidad de las instancias de capacitaci\u00f3n en radio que brinda la emisora universitaria de Roca, este s\u00e1bado desde las 10 [&hellip;]<\/p>\n","protected":false},"author":2,"featured_media":8108,"comment_status":"open","ping_status":"open","sticky":false,"template":"","format":"standard","meta":{"footnotes":""},"categories":[13,5],"tags":[],"class_list":["post-8107","post","type-post","status-publish","format-standard","has-post-thumbnail","hentry","category-13","category-notifadecs"],"_links":{"self":[{"href":"https:\/\/fadeweb.uncoma.edu.ar\/index.php\/wp-json\/wp\/v2\/posts\/8107","targetHints":{"allow":["GET"]}}],"collection":[{"href":"https:\/\/fadeweb.uncoma.edu.ar\/index.php\/wp-json\/wp\/v2\/posts"}],"about":[{"href":"https:\/\/fadeweb.uncoma.edu.ar\/index.php\/wp-json\/wp\/v2\/types\/post"}],"author":[{"embeddable":true,"href":"https:\/\/fadeweb.uncoma.edu.ar\/index.php\/wp-json\/wp\/v2\/users\/2"}],"replies":[{"embeddable":true,"href":"https:\/\/fadeweb.uncoma.edu.ar\/index.php\/wp-json\/wp\/v2\/comments?post=8107"}],"version-history":[{"count":1,"href":"https:\/\/fadeweb.uncoma.edu.ar\/index.php\/wp-json\/wp\/v2\/posts\/8107\/revisions"}],"predecessor-version":[{"id":8109,"href":"https:\/\/fadeweb.uncoma.edu.ar\/index.php\/wp-json\/wp\/v2\/posts\/8107\/revisions\/8109"}],"wp:featuredmedia":[{"embeddable":true,"href":"https:\/\/fadeweb.uncoma.edu.ar\/index.php\/wp-json\/wp\/v2\/media\/8108"}],"wp:attachment":[{"href":"https:\/\/fadeweb.uncoma.edu.ar\/index.php\/wp-json\/wp\/v2\/media?parent=8107"}],"wp:term":[{"taxonomy":"category","embeddable":true,"href":"https:\/\/fadeweb.uncoma.edu.ar\/index.php\/wp-json\/wp\/v2\/categories?post=8107"},{"taxonomy":"post_tag","embeddable":true,"href":"https:\/\/fadeweb.uncoma.edu.ar\/index.php\/wp-json\/wp\/v2\/tags?post=8107"}],"curies":[{"name":"wp","href":"https:\/\/api.w.org\/{rel}","templated":true}]}}