{"id":8098,"date":"2021-06-04T07:28:02","date_gmt":"2021-06-04T10:28:02","guid":{"rendered":"http:\/\/170.210.81.106\/newfade\/?p=8098"},"modified":"2022-10-20T07:28:45","modified_gmt":"2022-10-20T10:28:45","slug":"cuarto-encuentro-del-ciclo-de-conversatorio-disputas-en-torno-a-la-cultura-la-subjetividad-y-la-otredad","status":"publish","type":"post","link":"https:\/\/fadeweb.uncoma.edu.ar\/index.php\/2021\/06\/04\/cuarto-encuentro-del-ciclo-de-conversatorio-disputas-en-torno-a-la-cultura-la-subjetividad-y-la-otredad\/","title":{"rendered":"CUARTO ENCUENTRO DEL CICLO DE CONVERSATORIO \u00abDisputas en torno a la cultura, la subjetividad y la otredad\u00bb"},"content":{"rendered":"<p class=\"subt1\"><img fetchpriority=\"high\" decoding=\"async\" class=\"aligncenter wp-image-8099 size-large\" src=\"https:\/\/fadeweb.uncoma.edu.ar\/wp-content\/uploads\/2022\/10\/briones-sanchez-fadecs-1024x495.jpg\" alt=\"\" width=\"800\" height=\"387\" srcset=\"https:\/\/fadeweb.uncoma.edu.ar\/wp-content\/uploads\/2022\/10\/briones-sanchez-fadecs-1024x495.jpg 1024w, https:\/\/fadeweb.uncoma.edu.ar\/wp-content\/uploads\/2022\/10\/briones-sanchez-fadecs-300x145.jpg 300w, https:\/\/fadeweb.uncoma.edu.ar\/wp-content\/uploads\/2022\/10\/briones-sanchez-fadecs-768x371.jpg 768w, https:\/\/fadeweb.uncoma.edu.ar\/wp-content\/uploads\/2022\/10\/briones-sanchez-fadecs.jpg 1489w\" sizes=\"(max-width: 800px) 100vw, 800px\" \/><\/p>\n<p class=\"texto\"><strong>Conversatorio con Claudia Briones y Fernando S\u00e1nchez<br \/>\nNaci\u00f3n, alteridad y diversidad cultura<\/strong>l<\/p>\n<p>El jueves 10 de junio a las 18 hs (hora argentina), se llevar\u00e1 a cabo el cuarto encuentro del ciclo de Conversatorio \u201cDisputas en torno a la cultura, la subjetividad y la otredad\u201d. En esta ocasi\u00f3n, el di\u00e1logo se realizar\u00e1 entre la Dra. Claudia Briones (UNRN-CONICET) y el Dr. Fernando S\u00e1nchez\u00a0 (UNCo). La moderaci\u00f3n estar\u00e1 a cargo del Dr. Mart\u00edn E. D\u00edaz (UNCo &#8211; IPEHCS).<\/p>\n<p class=\"texto\">La Dra. Claudia Briones es antrop\u00f3loga e investigadora principal del CONICET. Profesora Titular de la Universidad Nacional de R\u00edo Negro en el Instituto de Investigaciones en Diversidad Cultural y Procesos de Cambio (IIDyPCa). Sus art\u00edculos y cap\u00edtulos de libros hacen foco en derechos ind\u00edgenas y pol\u00edticas indigenistas en Argentina, y particularmente involucran la producci\u00f3n cultural y organizaci\u00f3n del pueblo Mapuche-Tewelche. Actualmente investiga sobre la expresi\u00f3n y reconocimiento de subjetivaciones c\u00edvicas socioculturalmente diversas con foco en la Patagonia norte.<br \/>\nEl Dr. Fernando S\u00e1nchez es Lic. en Ciencias Antropol\u00f3gicas (Universidad de Buenos Aires). Dr. en Filosof\u00eda (Universidad Nacional de C\u00f3rdoba). Profesor\u00a0 e investigador de la Facultad de Humanidades de la Universidad Nacional del Comahue. Integrante del Centro de Filosof\u00eda de la cultura -CEF-.<\/p>\n<p class=\"texto\">La actividad surge de un trabajo articulado entre las\/los responsables de las c\u00e1tedras \u201cProblemas Filos\u00f3ficos de la Modernidad\u201d de la carrera de Sociolog\u00eda y de la c\u00e1tedra \u201cComunicaci\u00f3n Social II\u201d de la Lic. y Prof. en Comunicaci\u00f3n Social, Facultad de Derecho y Ciencias Sociales -FADECS- de la UNCo. El ciclo de conversatorio cuenta con aval acad\u00e9mico e institucional otorgado por el Consejo Directivo de la FADECS (Res. CD- FADECS 030\/2021)<\/p>\n<p class=\"texto\">Se desarrollar\u00e1 bajo la modalidad virtual, es gratuito y cuenta con cupos limitados.<\/p>\n<p class=\"texto\">Quienes est\u00e9n interesadas\/os deben inscribirse en el <a href=\"https:\/\/docs.google.com\/forms\/d\/e\/1FAIpQLSdT28niNWWmYoqjEcTl53GRV1Zo69ffAe1L0Nzwg36QsOkPaQ\/viewform?usp=sf_link\"><strong>siguiente enlace.<\/strong><\/a><\/p>\n<p><span class=\"texto\"> El d\u00eda de la conversaci\u00f3n les llegar\u00e1, por correo electr\u00f3nico, el enlace de la reuni\u00f3n a quienes se hayan inscripto. Por dudas y consultas, comunicarse al siguiente correo: <a href=\"mailto:monasteriojulio@gmail.com\">monasteriojulio@gmail.com<\/a><\/span><\/p>\n","protected":false},"excerpt":{"rendered":"<p>Conversatorio con Claudia Briones y Fernando S\u00e1nchez Naci\u00f3n, alteridad y diversidad cultural El jueves 10 de junio a las 18 hs (hora argentina), se llevar\u00e1 a cabo el cuarto encuentro del ciclo de Conversatorio \u201cDisputas en torno a la cultura, la subjetividad y la otredad\u201d. En esta ocasi\u00f3n, el di\u00e1logo se realizar\u00e1 entre la Dra. [&hellip;]<\/p>\n","protected":false},"author":2,"featured_media":8099,"comment_status":"open","ping_status":"open","sticky":false,"template":"","format":"standard","meta":{"footnotes":""},"categories":[13,5],"tags":[],"class_list":["post-8098","post","type-post","status-publish","format-standard","has-post-thumbnail","hentry","category-13","category-notifadecs"],"_links":{"self":[{"href":"https:\/\/fadeweb.uncoma.edu.ar\/index.php\/wp-json\/wp\/v2\/posts\/8098","targetHints":{"allow":["GET"]}}],"collection":[{"href":"https:\/\/fadeweb.uncoma.edu.ar\/index.php\/wp-json\/wp\/v2\/posts"}],"about":[{"href":"https:\/\/fadeweb.uncoma.edu.ar\/index.php\/wp-json\/wp\/v2\/types\/post"}],"author":[{"embeddable":true,"href":"https:\/\/fadeweb.uncoma.edu.ar\/index.php\/wp-json\/wp\/v2\/users\/2"}],"replies":[{"embeddable":true,"href":"https:\/\/fadeweb.uncoma.edu.ar\/index.php\/wp-json\/wp\/v2\/comments?post=8098"}],"version-history":[{"count":1,"href":"https:\/\/fadeweb.uncoma.edu.ar\/index.php\/wp-json\/wp\/v2\/posts\/8098\/revisions"}],"predecessor-version":[{"id":8100,"href":"https:\/\/fadeweb.uncoma.edu.ar\/index.php\/wp-json\/wp\/v2\/posts\/8098\/revisions\/8100"}],"wp:featuredmedia":[{"embeddable":true,"href":"https:\/\/fadeweb.uncoma.edu.ar\/index.php\/wp-json\/wp\/v2\/media\/8099"}],"wp:attachment":[{"href":"https:\/\/fadeweb.uncoma.edu.ar\/index.php\/wp-json\/wp\/v2\/media?parent=8098"}],"wp:term":[{"taxonomy":"category","embeddable":true,"href":"https:\/\/fadeweb.uncoma.edu.ar\/index.php\/wp-json\/wp\/v2\/categories?post=8098"},{"taxonomy":"post_tag","embeddable":true,"href":"https:\/\/fadeweb.uncoma.edu.ar\/index.php\/wp-json\/wp\/v2\/tags?post=8098"}],"curies":[{"name":"wp","href":"https:\/\/api.w.org\/{rel}","templated":true}]}}