{"id":8089,"date":"2021-06-04T07:24:27","date_gmt":"2021-06-04T10:24:27","guid":{"rendered":"http:\/\/170.210.81.106\/newfade\/?p=8089"},"modified":"2022-10-20T07:25:57","modified_gmt":"2022-10-20T10:25:57","slug":"comienza-el-viii-festival-audiovisual","status":"publish","type":"post","link":"https:\/\/fadeweb.uncoma.edu.ar\/index.php\/2021\/06\/04\/comienza-el-viii-festival-audiovisual\/","title":{"rendered":"COMIENZA EL VIII FESTIVAL AUDIOVISUAL"},"content":{"rendered":"<p class=\"subt1\"><img fetchpriority=\"high\" decoding=\"async\" class=\"aligncenter wp-image-8070 size-large\" src=\"https:\/\/fadeweb.uncoma.edu.ar\/wp-content\/uploads\/2022\/10\/8-1024x719.jpeg\" alt=\"\" width=\"800\" height=\"562\" srcset=\"https:\/\/fadeweb.uncoma.edu.ar\/wp-content\/uploads\/2022\/10\/8-1024x719.jpeg 1024w, https:\/\/fadeweb.uncoma.edu.ar\/wp-content\/uploads\/2022\/10\/8-300x211.jpeg 300w, https:\/\/fadeweb.uncoma.edu.ar\/wp-content\/uploads\/2022\/10\/8-768x539.jpeg 768w, https:\/\/fadeweb.uncoma.edu.ar\/wp-content\/uploads\/2022\/10\/8.jpeg 1280w\" sizes=\"(max-width: 800px) 100vw, 800px\" \/><br \/>\n\u201cLA\u00a0 MIRADA DEL SUR\u201d<br \/>\nCINE \u2013 TELEVISI\u00d3N \u2013 NARRATIVAS NO LINEALES &#8211; WEB<\/p>\n<p class=\"texto\">Comienza la 8\u00b0 Muestra del Festival La Mirada del Sur, este lunes 7 de junio a las 14 horas; dar\u00e1 inicio con proyecciones on line, el festival universitario de la FADECS- UNCo.<\/p>\n<p class=\"texto\">Estar\u00e1n para ser disfrutadas una veintena de obras audiovisuales en diversos formatos y g\u00e9neros. Un nutrido programa ha\u00a0 sido configurado para desarrollarse del 7 al 12 de Junio, taller de capacitaci\u00f3n en transmedia, un reconocimiento a un\u00a0 gran director como Carlos Echeverr\u00eda y realizaciones audiovisuales llevadas adelante por estudiantes de diferentes carreras y \u00e1reas audiovisuales de la Patagonia argentina y chilena; producciones nacionales y regionales en pandemia, entrevistas, conversatorios y relator\u00edas de experiencias tendr\u00e1n lugar en este espacio que ofrece La Mirada del Sur, un espacio universitario p\u00fablico y gratuito.<\/p>\n<p class=\"texto\">\u00a1Los esperamos!<\/p>\n<p class=\"texto\"><a href=\"https:\/\/fadeweb.uncoma.edu.ar\/wp-content\/uploads\/2022\/10\/Gacetilla-de-prensa-Programa-La-Mirada-del-Sur-4-6-21.doc\">Programa del VIII\u00a0 Festival\u00a0 Audiovisual \u201cLa\u00a0 Mirada\u00a0 del\u00a0 Sur\u201d<\/a><\/p>\n","protected":false},"excerpt":{"rendered":"<p>\u201cLA\u00a0 MIRADA DEL SUR\u201d CINE \u2013 TELEVISI\u00d3N \u2013 NARRATIVAS NO LINEALES &#8211; WEB Comienza la 8\u00b0 Muestra del Festival La Mirada del Sur, este lunes 7 de junio a las 14 horas; dar\u00e1 inicio con proyecciones on line, el festival universitario de la FADECS- UNCo. Estar\u00e1n para ser disfrutadas una veintena de obras audiovisuales en [&hellip;]<\/p>\n","protected":false},"author":2,"featured_media":8070,"comment_status":"open","ping_status":"open","sticky":false,"template":"","format":"standard","meta":{"footnotes":""},"categories":[13,5],"tags":[],"class_list":["post-8089","post","type-post","status-publish","format-standard","has-post-thumbnail","hentry","category-13","category-notifadecs"],"_links":{"self":[{"href":"https:\/\/fadeweb.uncoma.edu.ar\/index.php\/wp-json\/wp\/v2\/posts\/8089","targetHints":{"allow":["GET"]}}],"collection":[{"href":"https:\/\/fadeweb.uncoma.edu.ar\/index.php\/wp-json\/wp\/v2\/posts"}],"about":[{"href":"https:\/\/fadeweb.uncoma.edu.ar\/index.php\/wp-json\/wp\/v2\/types\/post"}],"author":[{"embeddable":true,"href":"https:\/\/fadeweb.uncoma.edu.ar\/index.php\/wp-json\/wp\/v2\/users\/2"}],"replies":[{"embeddable":true,"href":"https:\/\/fadeweb.uncoma.edu.ar\/index.php\/wp-json\/wp\/v2\/comments?post=8089"}],"version-history":[{"count":1,"href":"https:\/\/fadeweb.uncoma.edu.ar\/index.php\/wp-json\/wp\/v2\/posts\/8089\/revisions"}],"predecessor-version":[{"id":8091,"href":"https:\/\/fadeweb.uncoma.edu.ar\/index.php\/wp-json\/wp\/v2\/posts\/8089\/revisions\/8091"}],"wp:featuredmedia":[{"embeddable":true,"href":"https:\/\/fadeweb.uncoma.edu.ar\/index.php\/wp-json\/wp\/v2\/media\/8070"}],"wp:attachment":[{"href":"https:\/\/fadeweb.uncoma.edu.ar\/index.php\/wp-json\/wp\/v2\/media?parent=8089"}],"wp:term":[{"taxonomy":"category","embeddable":true,"href":"https:\/\/fadeweb.uncoma.edu.ar\/index.php\/wp-json\/wp\/v2\/categories?post=8089"},{"taxonomy":"post_tag","embeddable":true,"href":"https:\/\/fadeweb.uncoma.edu.ar\/index.php\/wp-json\/wp\/v2\/tags?post=8089"}],"curies":[{"name":"wp","href":"https:\/\/api.w.org\/{rel}","templated":true}]}}