{"id":8086,"date":"2021-06-04T07:23:14","date_gmt":"2021-06-04T10:23:14","guid":{"rendered":"http:\/\/170.210.81.106\/newfade\/?p=8086"},"modified":"2022-10-20T07:24:12","modified_gmt":"2022-10-20T10:24:12","slug":"apertura-la-7-edicion-de-la-especializacion-en-derecho-penal-y-ciencias-penales","status":"publish","type":"post","link":"https:\/\/fadeweb.uncoma.edu.ar\/index.php\/2021\/06\/04\/apertura-la-7-edicion-de-la-especializacion-en-derecho-penal-y-ciencias-penales\/","title":{"rendered":"APERTURA LA 7\u00b0 EDICI\u00d3N DE LA ESPECIALIZACI\u00d3N EN DERECHO PENAL Y CIENCIAS PENALES"},"content":{"rendered":"<p class=\"subt1\"><img fetchpriority=\"high\" decoding=\"async\" class=\"aligncenter wp-image-8087 size-large\" src=\"https:\/\/fadeweb.uncoma.edu.ar\/wp-content\/uploads\/2022\/10\/apertura-penal-fadecs-2021-IG-1024x1024.jpg\" alt=\"\" width=\"800\" height=\"800\" srcset=\"https:\/\/fadeweb.uncoma.edu.ar\/wp-content\/uploads\/2022\/10\/apertura-penal-fadecs-2021-IG-1024x1024.jpg 1024w, https:\/\/fadeweb.uncoma.edu.ar\/wp-content\/uploads\/2022\/10\/apertura-penal-fadecs-2021-IG-300x300.jpg 300w, https:\/\/fadeweb.uncoma.edu.ar\/wp-content\/uploads\/2022\/10\/apertura-penal-fadecs-2021-IG-150x150.jpg 150w, https:\/\/fadeweb.uncoma.edu.ar\/wp-content\/uploads\/2022\/10\/apertura-penal-fadecs-2021-IG-768x768.jpg 768w, https:\/\/fadeweb.uncoma.edu.ar\/wp-content\/uploads\/2022\/10\/apertura-penal-fadecs-2021-IG-1536x1536.jpg 1536w, https:\/\/fadeweb.uncoma.edu.ar\/wp-content\/uploads\/2022\/10\/apertura-penal-fadecs-2021-IG.jpg 1918w\" sizes=\"(max-width: 800px) 100vw, 800px\" \/><\/p>\n<p class=\"texto\">El Departamento de Posgrado de la FADECS informa que hoy, viernes 4 de junio, a las 16 hs, se realizar\u00e1 la apertura de la 7\u00b0 Cohorte de la carrera \u00abEspecializaci\u00f3n en Derecho Penal y Ciencias Penales\u00bb. La carrera se encuentra dirigida por el Dr. Alberto Binder y est\u00e1 co-dirigida por el Abog. Esp. Gerardo Nicol\u00e1s Garc\u00eda.<\/p>\n<p class=\"texto\">Se encuentra reglamentada por la Ordenanza UNCo 1274\/13, la Resoluci\u00f3n Ministerial 4367\/17 y la Resoluci\u00f3n CONEAU 337\/202 (mediante la cual se encuentra Acreditada y categorizada \u00abC\u00bb).<\/p>\n<p class=\"texto\">Luego de la apertura la jornada continuar\u00e1 con las clases correspondientes a la primera asignatura que se dictar\u00e1 en esta cohorte: Teor\u00eda del Delito y Sistema de la Pena I, a cargo del Dr. Maximiliano Rusconi.<\/p>\n<p class=\"texto\">El cronograma de clases correspondientes al a\u00f1o 2021 se encuentra <a href=\"https:\/\/docs.google.com\/document\/d\/1lXYC1vox7gPZIE3DbjvfAnq_e_gFyZVGN_Rp3E02CEk\"><strong>disponible en este link. <\/strong><\/a><\/p>\n","protected":false},"excerpt":{"rendered":"<p>El Departamento de Posgrado de la FADECS informa que hoy, viernes 4 de junio, a las 16 hs, se realizar\u00e1 la apertura de la 7\u00b0 Cohorte de la carrera \u00abEspecializaci\u00f3n en Derecho Penal y Ciencias Penales\u00bb. La carrera se encuentra dirigida por el Dr. Alberto Binder y est\u00e1 co-dirigida por el Abog. Esp. Gerardo Nicol\u00e1s [&hellip;]<\/p>\n","protected":false},"author":2,"featured_media":8087,"comment_status":"open","ping_status":"open","sticky":false,"template":"","format":"standard","meta":{"footnotes":""},"categories":[13,5],"tags":[],"class_list":["post-8086","post","type-post","status-publish","format-standard","has-post-thumbnail","hentry","category-13","category-notifadecs"],"_links":{"self":[{"href":"https:\/\/fadeweb.uncoma.edu.ar\/index.php\/wp-json\/wp\/v2\/posts\/8086","targetHints":{"allow":["GET"]}}],"collection":[{"href":"https:\/\/fadeweb.uncoma.edu.ar\/index.php\/wp-json\/wp\/v2\/posts"}],"about":[{"href":"https:\/\/fadeweb.uncoma.edu.ar\/index.php\/wp-json\/wp\/v2\/types\/post"}],"author":[{"embeddable":true,"href":"https:\/\/fadeweb.uncoma.edu.ar\/index.php\/wp-json\/wp\/v2\/users\/2"}],"replies":[{"embeddable":true,"href":"https:\/\/fadeweb.uncoma.edu.ar\/index.php\/wp-json\/wp\/v2\/comments?post=8086"}],"version-history":[{"count":1,"href":"https:\/\/fadeweb.uncoma.edu.ar\/index.php\/wp-json\/wp\/v2\/posts\/8086\/revisions"}],"predecessor-version":[{"id":8088,"href":"https:\/\/fadeweb.uncoma.edu.ar\/index.php\/wp-json\/wp\/v2\/posts\/8086\/revisions\/8088"}],"wp:featuredmedia":[{"embeddable":true,"href":"https:\/\/fadeweb.uncoma.edu.ar\/index.php\/wp-json\/wp\/v2\/media\/8087"}],"wp:attachment":[{"href":"https:\/\/fadeweb.uncoma.edu.ar\/index.php\/wp-json\/wp\/v2\/media?parent=8086"}],"wp:term":[{"taxonomy":"category","embeddable":true,"href":"https:\/\/fadeweb.uncoma.edu.ar\/index.php\/wp-json\/wp\/v2\/categories?post=8086"},{"taxonomy":"post_tag","embeddable":true,"href":"https:\/\/fadeweb.uncoma.edu.ar\/index.php\/wp-json\/wp\/v2\/tags?post=8086"}],"curies":[{"name":"wp","href":"https:\/\/api.w.org\/{rel}","templated":true}]}}