{"id":8042,"date":"2021-06-11T11:48:53","date_gmt":"2021-06-11T14:48:53","guid":{"rendered":"http:\/\/170.210.81.106\/newfade\/?p=8042"},"modified":"2022-11-09T09:03:25","modified_gmt":"2022-11-09T12:03:25","slug":"se-abrio-la-diplomatura-en-herramientas-gerontologicas","status":"publish","type":"post","link":"https:\/\/fadeweb.uncoma.edu.ar\/index.php\/2021\/06\/11\/se-abrio-la-diplomatura-en-herramientas-gerontologicas\/","title":{"rendered":"SE ABRI\u00d3 LA DIPLOMATURA EN HERRAMIENTAS GERONTOL\u00d3GICAS"},"content":{"rendered":"<p><img fetchpriority=\"high\" decoding=\"async\" class=\"aligncenter wp-image-8043 size-large\" src=\"https:\/\/fadeweb.uncoma.edu.ar\/wp-content\/uploads\/2022\/10\/gero-fadecs2-1024x575.jpeg\" alt=\"\" width=\"800\" height=\"449\" srcset=\"https:\/\/fadeweb.uncoma.edu.ar\/wp-content\/uploads\/2022\/10\/gero-fadecs2-1024x575.jpeg 1024w, https:\/\/fadeweb.uncoma.edu.ar\/wp-content\/uploads\/2022\/10\/gero-fadecs2-300x169.jpeg 300w, https:\/\/fadeweb.uncoma.edu.ar\/wp-content\/uploads\/2022\/10\/gero-fadecs2-768x431.jpeg 768w, https:\/\/fadeweb.uncoma.edu.ar\/wp-content\/uploads\/2022\/10\/gero-fadecs2.jpeg 1280w\" sizes=\"(max-width: 800px) 100vw, 800px\" \/><\/p>\n<p class=\"texto\">La Mag. Mar\u00eda Cecilia Beit\u00eda (FADECS), junto al Lic. Alejandro Goya Villagr\u00e1n (FADECS) y la Mag. Ivana Garc\u00eda (Programa Adultos Mayores UNCo), dieron la bienvenida el mi\u00e9rcoles 9 de junio a los inscriptos a la Diplomatura en Herramientas Gerontol\u00f3gicas que se cursa en la Facultad de Derecho y Ciencias Sociales de la UNComa.<\/p>\n<p class=\"texto\">Los docentes que conforman el Equipo de Gerontolog\u00eda de la universidad y tienen a cargo la coordinaci\u00f3n de la Diplomatura son profesionales que trabajan desde hace a\u00f1os en la tem\u00e1tica, por lo que \u201cla concreci\u00f3n e inicio del cursado es un sue\u00f1o hecho realidad en cada etapa por el cuerpo docente y nodocente, sobre todo por ser la primera en el tema de la vejez. Y en ello va tambi\u00e9n el agradecimiento a las autoridades del Consejo Directivo y del Consejo Superior, como de la Secretar\u00eda de Extensi\u00f3n de la Facultad y de la Universidad, y a los que se inscribieron para cursar la diplomatura\u201d.<\/p>\n<p class=\"texto\">El dictado ser\u00e1 virtual, lo que permitir\u00e1 el acercamiento a m\u00faltiples lugares. Esta capacitaci\u00f3n abordar\u00e1 el envejecimiento y la vejez, que es m\u00faltiple y diversa, as\u00ed como la incorporaci\u00f3n del concepto de vejeces. Y la \u00fanica manera de trabajarlo es con la mirada interdisciplinaria, desde el Trabajo Social, la Psicolog\u00eda, la Medicina, desde la Perspectiva de G\u00e9nero, y desde la Perspectiva de Derecho. Por ello, esta Diplomatura est\u00e1 dirigida a todo el que quiera realizarla, permite que quien trabaja en un banco, empleados estatales, docentes, familias, tengan una atenci\u00f3n especial a partir del conocimiento de nuevas herramientas de abordaje.<\/p>\n<p class=\"texto\">Entre los presentes se encontraban la Secretaria de Extensi\u00f3n de la FADECS Abog. Sof\u00eda Szechenyi y el consejero superior Alejo Simonelli. Un p\u00e1rrafo especial merecieron, la doctora Silvia Gasc\u00f3n (Directora de la Maestr\u00eda en Gesti\u00f3n de Servicios de Gerontolog\u00eda, de la Universidad Isalud), quien es una gran referente a nivel argentino y en el mundo, en relaci\u00f3n al envejecimiento de la poblaci\u00f3n y a las diversas vejeces, relacionadas a la calidad de vida y a que cada persona que envejece pueda encontrar un lugar m\u00e1s flexible y mejor adaptado, y que le permita disfrutar una mejor calidad de vida; asimismo, el docente Vicente Rodr\u00edguez Rodr\u00edguez (Doctor en Geograf\u00eda e Historia por la Universidad Complutense de Madrid), quien los acompa\u00f1ar\u00e1 en algunos de los encuentros y con quien se continuar\u00e1n las gestiones en torno a la investigaci\u00f3n, la extensi\u00f3n y la posibilidad de abrir un camino al otro lado del mundo.<\/p>\n<p class=\"texto\">El Magister Gustavo Ferreyra, secretario de Extensi\u00f3n de la UNComa, dijo que \u201ces un logro mayor que genera un momento de valor sobre instancias que hasta hace no mucho tiempo estaban invisibilizadas respecto de las trayectorias no curriculares. Las diplomaturas en general, y esta en particular, han venido a cubrir un espacio que estaba fuera del radar de nuestra universidad, y se lo ha hecho de una manera acordada con el Consejo de Extensi\u00f3n y del trabajo de los nodocentes. Esto pone a las diplomaturas en un lugar que ser\u00e1 muy \u00fatil a lo largo del tiempo para nuestra universidad y, sobre todo, a los diferentes grupos de las comunidades de la Norpatagonia, y a la segmentaci\u00f3n de esos grupos por sectores sociales, por actividades productivas y tambi\u00e9n por grupos de edad\u201d.<\/p>\n<p class=\"texto\">El decano de la FADECS, Lic. Andr\u00e9s Ponce de Le\u00f3n agradeci\u00f3 \u201ca las autoridades y trabajadores de la FADECS y de la UNComa, por este logro de poner en marcha la diplomatura y por todo lo que hacen para mejorar las condiciones de vida de las personas mayores, y augur\u00f3 a los cursantes un desarrollo fruct\u00edfero y en el que encuentren los conocimientos y las habilidades que les ayuden a mejorar la atenci\u00f3n de las personas mayores\u201d.<\/p>\n","protected":false},"excerpt":{"rendered":"<p>La Mag. Mar\u00eda Cecilia Beit\u00eda (FADECS), junto al Lic. Alejandro Goya Villagr\u00e1n (FADECS) y la Mag. Ivana Garc\u00eda (Programa Adultos Mayores UNCo), dieron la bienvenida el mi\u00e9rcoles 9 de junio a los inscriptos a la Diplomatura en Herramientas Gerontol\u00f3gicas que se cursa en la Facultad de Derecho y Ciencias Sociales de la UNComa. Los docentes [&hellip;]<\/p>\n","protected":false},"author":2,"featured_media":8043,"comment_status":"open","ping_status":"open","sticky":false,"template":"","format":"standard","meta":{"footnotes":""},"categories":[13,40,5],"tags":[],"class_list":["post-8042","post","type-post","status-publish","format-standard","has-post-thumbnail","hentry","category-13","category-diplomatura-g","category-notifadecs"],"_links":{"self":[{"href":"https:\/\/fadeweb.uncoma.edu.ar\/index.php\/wp-json\/wp\/v2\/posts\/8042","targetHints":{"allow":["GET"]}}],"collection":[{"href":"https:\/\/fadeweb.uncoma.edu.ar\/index.php\/wp-json\/wp\/v2\/posts"}],"about":[{"href":"https:\/\/fadeweb.uncoma.edu.ar\/index.php\/wp-json\/wp\/v2\/types\/post"}],"author":[{"embeddable":true,"href":"https:\/\/fadeweb.uncoma.edu.ar\/index.php\/wp-json\/wp\/v2\/users\/2"}],"replies":[{"embeddable":true,"href":"https:\/\/fadeweb.uncoma.edu.ar\/index.php\/wp-json\/wp\/v2\/comments?post=8042"}],"version-history":[{"count":1,"href":"https:\/\/fadeweb.uncoma.edu.ar\/index.php\/wp-json\/wp\/v2\/posts\/8042\/revisions"}],"predecessor-version":[{"id":8044,"href":"https:\/\/fadeweb.uncoma.edu.ar\/index.php\/wp-json\/wp\/v2\/posts\/8042\/revisions\/8044"}],"wp:featuredmedia":[{"embeddable":true,"href":"https:\/\/fadeweb.uncoma.edu.ar\/index.php\/wp-json\/wp\/v2\/media\/8043"}],"wp:attachment":[{"href":"https:\/\/fadeweb.uncoma.edu.ar\/index.php\/wp-json\/wp\/v2\/media?parent=8042"}],"wp:term":[{"taxonomy":"category","embeddable":true,"href":"https:\/\/fadeweb.uncoma.edu.ar\/index.php\/wp-json\/wp\/v2\/categories?post=8042"},{"taxonomy":"post_tag","embeddable":true,"href":"https:\/\/fadeweb.uncoma.edu.ar\/index.php\/wp-json\/wp\/v2\/tags?post=8042"}],"curies":[{"name":"wp","href":"https:\/\/api.w.org\/{rel}","templated":true}]}}