{"id":7888,"date":"2021-08-06T11:10:12","date_gmt":"2021-08-06T14:10:12","guid":{"rendered":"http:\/\/170.210.81.106\/newfade\/?p=7888"},"modified":"2022-10-18T11:11:07","modified_gmt":"2022-10-18T14:11:07","slug":"el-observatorio-de-politicas-publicas-para-personas-mayores-coordina-estrategias-con-municipios-rionegrinos","status":"publish","type":"post","link":"https:\/\/fadeweb.uncoma.edu.ar\/index.php\/2021\/08\/06\/el-observatorio-de-politicas-publicas-para-personas-mayores-coordina-estrategias-con-municipios-rionegrinos\/","title":{"rendered":"EL OBSERVATORIO DE POL\u00cdTICAS P\u00daBLICAS PARA PERSONAS MAYORES COORDINA ESTRATEGIAS CON MUNICIPIOS RIONEGRINOS"},"content":{"rendered":"<p><img fetchpriority=\"high\" decoding=\"async\" class=\"aligncenter wp-image-7889 size-full\" src=\"https:\/\/fadeweb.uncoma.edu.ar\/wp-content\/uploads\/2022\/10\/kelly-fadecs.jpg\" alt=\"\" width=\"622\" height=\"842\" srcset=\"https:\/\/fadeweb.uncoma.edu.ar\/wp-content\/uploads\/2022\/10\/kelly-fadecs.jpg 622w, https:\/\/fadeweb.uncoma.edu.ar\/wp-content\/uploads\/2022\/10\/kelly-fadecs-222x300.jpg 222w\" sizes=\"(max-width: 622px) 100vw, 622px\" \/><\/p>\n<p class=\"texto\">El Observatorio de Pol\u00edticas P\u00fablicas para Personas Mayores mantuvo una reuni\u00f3n virtual (Google Meet) el jueves 5 de agosto con Municipios de Valle Medio, en la que se les brind\u00f3 informaci\u00f3n y se acordaron estrategias conjuntas respecto de la D\u00e9cada del Envejecimiento Saludable (2021-2030) propuesta por la Organizaci\u00f3n Mundial de la Salud.<\/p>\n<p class=\"texto\">La poblaci\u00f3n mundial de personas que tienen 60 a\u00f1os o m\u00e1s se ubica en su mayor\u00eda en pa\u00edses de ingresos bajos y medianos; y muchas no tienen siquiera acceso a los recursos b\u00e1sicos necesarios para una vida plena y digna, y muchas otras se enfrentan a numerosos obst\u00e1culos que les impiden participar plenamente de la vida en sociedad. En este contexto, R\u00edo Negro y cada uno de nuestros municipios no escapa a esa realidad de envejecimiento poblacional y somos la provincia de la Patagonia que tiene mayor cantidad de Personas Mayores.<\/p>\n<p class=\"texto\">Ante esta realidad, la OMS ha propuesto la D\u00e9cada del Envejecimiento Saludable (2021-2030) en la \u201cque ofrece la oportunidad de aunar a los gobiernos, la sociedad civil, los organismos internacionales, los profesionales, las instituciones acad\u00e9micas, los medios de comunicaci\u00f3n y el sector privado en torno a diez a\u00f1os de acci\u00f3n concertada, catalizadora y de colaboraci\u00f3n para mejorar las vidas de las personas mayores, sus familias y las comunidades en las que viven\u201d.<\/p>\n","protected":false},"excerpt":{"rendered":"<p>El Observatorio de Pol\u00edticas P\u00fablicas para Personas Mayores mantuvo una reuni\u00f3n virtual (Google Meet) el jueves 5 de agosto con Municipios de Valle Medio, en la que se les brind\u00f3 informaci\u00f3n y se acordaron estrategias conjuntas respecto de la D\u00e9cada del Envejecimiento Saludable (2021-2030) propuesta por la Organizaci\u00f3n Mundial de la Salud. La poblaci\u00f3n mundial [&hellip;]<\/p>\n","protected":false},"author":2,"featured_media":7889,"comment_status":"open","ping_status":"open","sticky":false,"template":"","format":"standard","meta":{"footnotes":""},"categories":[13,5],"tags":[],"class_list":["post-7888","post","type-post","status-publish","format-standard","has-post-thumbnail","hentry","category-13","category-notifadecs"],"_links":{"self":[{"href":"https:\/\/fadeweb.uncoma.edu.ar\/index.php\/wp-json\/wp\/v2\/posts\/7888","targetHints":{"allow":["GET"]}}],"collection":[{"href":"https:\/\/fadeweb.uncoma.edu.ar\/index.php\/wp-json\/wp\/v2\/posts"}],"about":[{"href":"https:\/\/fadeweb.uncoma.edu.ar\/index.php\/wp-json\/wp\/v2\/types\/post"}],"author":[{"embeddable":true,"href":"https:\/\/fadeweb.uncoma.edu.ar\/index.php\/wp-json\/wp\/v2\/users\/2"}],"replies":[{"embeddable":true,"href":"https:\/\/fadeweb.uncoma.edu.ar\/index.php\/wp-json\/wp\/v2\/comments?post=7888"}],"version-history":[{"count":1,"href":"https:\/\/fadeweb.uncoma.edu.ar\/index.php\/wp-json\/wp\/v2\/posts\/7888\/revisions"}],"predecessor-version":[{"id":7890,"href":"https:\/\/fadeweb.uncoma.edu.ar\/index.php\/wp-json\/wp\/v2\/posts\/7888\/revisions\/7890"}],"wp:featuredmedia":[{"embeddable":true,"href":"https:\/\/fadeweb.uncoma.edu.ar\/index.php\/wp-json\/wp\/v2\/media\/7889"}],"wp:attachment":[{"href":"https:\/\/fadeweb.uncoma.edu.ar\/index.php\/wp-json\/wp\/v2\/media?parent=7888"}],"wp:term":[{"taxonomy":"category","embeddable":true,"href":"https:\/\/fadeweb.uncoma.edu.ar\/index.php\/wp-json\/wp\/v2\/categories?post=7888"},{"taxonomy":"post_tag","embeddable":true,"href":"https:\/\/fadeweb.uncoma.edu.ar\/index.php\/wp-json\/wp\/v2\/tags?post=7888"}],"curies":[{"name":"wp","href":"https:\/\/api.w.org\/{rel}","templated":true}]}}