{"id":7870,"date":"2021-08-11T10:31:49","date_gmt":"2021-08-11T13:31:49","guid":{"rendered":"http:\/\/170.210.81.106\/newfade\/?p=7870"},"modified":"2022-10-18T10:32:36","modified_gmt":"2022-10-18T13:32:36","slug":"comenzo-el-curso-de-posgrado-derecho-publico-en-rio-negro-actualidad-y-desafios","status":"publish","type":"post","link":"https:\/\/fadeweb.uncoma.edu.ar\/index.php\/2021\/08\/11\/comenzo-el-curso-de-posgrado-derecho-publico-en-rio-negro-actualidad-y-desafios\/","title":{"rendered":"COMENZ\u00d3 EL CURSO DE POSGRADO \u00abDERECHO P\u00daBLICO EN R\u00cdO NEGRO, ACTUALIDAD Y DESAF\u00cdOS\u00bb"},"content":{"rendered":"<p><img fetchpriority=\"high\" decoding=\"async\" class=\"aligncenter wp-image-7871 size-full\" src=\"https:\/\/fadeweb.uncoma.edu.ar\/wp-content\/uploads\/2022\/10\/pg-dp-fadecs.jpeg\" alt=\"\" width=\"891\" height=\"620\" srcset=\"https:\/\/fadeweb.uncoma.edu.ar\/wp-content\/uploads\/2022\/10\/pg-dp-fadecs.jpeg 891w, https:\/\/fadeweb.uncoma.edu.ar\/wp-content\/uploads\/2022\/10\/pg-dp-fadecs-300x209.jpeg 300w, https:\/\/fadeweb.uncoma.edu.ar\/wp-content\/uploads\/2022\/10\/pg-dp-fadecs-768x534.jpeg 768w\" sizes=\"(max-width: 891px) 100vw, 891px\" \/><\/p>\n<p class=\"texto\">El 6 de agosto de 2021, la Facultad de Derecho y Ciencias Sociales de la Universidad Nacional del Comahue en conjunto con la Escuela del Cuerpo de Abogados del Estado, dieron inicio formal al posgrado \u201cEl Derecho P\u00fablico en R\u00edo Negro &#8211; Actualidad y Desaf\u00edos\u201d.<\/p>\n<p class=\"texto\">Estuvieron presentes el Decano de la FADECS-UNComa Lic. Andr\u00e9s Ponce de Le\u00f3n, y el Director de Posgrado Mg. Juan Carlos Fern\u00e1ndez, el Fiscal de Estado Adjunto Dr. Luciano Minetti Kern, adem\u00e1s de cursantes y docentes.<\/p>\n<p class=\"texto\">Dicho posgrado tiene el objetivo de acercar formaci\u00f3n de alto nivel acad\u00e9mico a todos los abogados y abogadas, especialmente aquellos que se desempe\u00f1an dentro del \u00e1mbito p\u00fablico.<\/p>\n<p class=\"texto\">El 6 y 7 de agosto se desarroll\u00f3 el M\u00f3dulo I: Bases Constitucionales del Derecho P\u00fablico en R\u00edo Negro, el que estuvo a cargo de los docentes Miguel Cardella y Adri\u00e1n Federico Ambroggio.<\/p>\n<p class=\"texto\">El cronograma del curso continuar\u00e1 de la siguiente manera:<\/p>\n<blockquote>\n<p class=\"texto\">M\u00f3dulo II: Doctrina Legal del STJ en Materia Administrativa<br \/>\nA cargo de Prof. Sergio Barotto.<br \/>\nFecha: 27 y 28 de agosto<\/p>\n<p class=\"texto\">Modulo III: Procesos Colectivos. Acciones de clase en el Derecho P\u00fablico. Aspectos procesales. Actualidad y perspectivas en R\u00edo Negro.<br \/>\nA cargo de Francisco Verbic.<br \/>\nFecha: 10 y 11 de septiembre<\/p>\n<p class=\"texto\">M\u00f3dulo IV: Los Derechos Econ\u00f3micos, Sociales y Ambientales en los tribunales<br \/>\nRionegrinos.<br \/>\nA cargo de Profesores Juan Bautista Justo y Sofia Arrizabalaga.<br \/>\nFecha: 8 y 9 de octubre<\/p>\n<p class=\"texto\">Modulo V: Derecho P\u00fablico en clave de Lenguaje Claro.<br \/>\nA cargo del Prof. Mart\u00edn Bohmer y Guillermina Rosenkrantz.<br \/>\nFecha: 29 y 30 de octubre<\/p>\n<p class=\"texto\">Modulo VI: Dise\u00f1o Institucional de los \u00d3rganos de Control en R\u00edo Negro, Neuqu\u00e9n y a nivel Federal. Similitudes, diferencias y funcionamiento.<br \/>\nA cargo de la Profesora Sandra Eizaguirre. Fecha: 19 y 20 de noviembre<br \/>\nHorarios: Se cursar\u00e1 en los d\u00edas jueves y\/o viernes de 16 a 18 y en los d\u00edas s\u00e1bados de 9 a 12, salvo casos excepcionales que se comunicaran con la debida antelaci\u00f3n.<\/p>\n<\/blockquote>\n","protected":false},"excerpt":{"rendered":"<p>El 6 de agosto de 2021, la Facultad de Derecho y Ciencias Sociales de la Universidad Nacional del Comahue en conjunto con la Escuela del Cuerpo de Abogados del Estado, dieron inicio formal al posgrado \u201cEl Derecho P\u00fablico en R\u00edo Negro &#8211; Actualidad y Desaf\u00edos\u201d. Estuvieron presentes el Decano de la FADECS-UNComa Lic. Andr\u00e9s Ponce [&hellip;]<\/p>\n","protected":false},"author":2,"featured_media":7871,"comment_status":"open","ping_status":"open","sticky":false,"template":"","format":"standard","meta":{"footnotes":""},"categories":[13,5],"tags":[],"class_list":["post-7870","post","type-post","status-publish","format-standard","has-post-thumbnail","hentry","category-13","category-notifadecs"],"_links":{"self":[{"href":"https:\/\/fadeweb.uncoma.edu.ar\/index.php\/wp-json\/wp\/v2\/posts\/7870","targetHints":{"allow":["GET"]}}],"collection":[{"href":"https:\/\/fadeweb.uncoma.edu.ar\/index.php\/wp-json\/wp\/v2\/posts"}],"about":[{"href":"https:\/\/fadeweb.uncoma.edu.ar\/index.php\/wp-json\/wp\/v2\/types\/post"}],"author":[{"embeddable":true,"href":"https:\/\/fadeweb.uncoma.edu.ar\/index.php\/wp-json\/wp\/v2\/users\/2"}],"replies":[{"embeddable":true,"href":"https:\/\/fadeweb.uncoma.edu.ar\/index.php\/wp-json\/wp\/v2\/comments?post=7870"}],"version-history":[{"count":1,"href":"https:\/\/fadeweb.uncoma.edu.ar\/index.php\/wp-json\/wp\/v2\/posts\/7870\/revisions"}],"predecessor-version":[{"id":7872,"href":"https:\/\/fadeweb.uncoma.edu.ar\/index.php\/wp-json\/wp\/v2\/posts\/7870\/revisions\/7872"}],"wp:featuredmedia":[{"embeddable":true,"href":"https:\/\/fadeweb.uncoma.edu.ar\/index.php\/wp-json\/wp\/v2\/media\/7871"}],"wp:attachment":[{"href":"https:\/\/fadeweb.uncoma.edu.ar\/index.php\/wp-json\/wp\/v2\/media?parent=7870"}],"wp:term":[{"taxonomy":"category","embeddable":true,"href":"https:\/\/fadeweb.uncoma.edu.ar\/index.php\/wp-json\/wp\/v2\/categories?post=7870"},{"taxonomy":"post_tag","embeddable":true,"href":"https:\/\/fadeweb.uncoma.edu.ar\/index.php\/wp-json\/wp\/v2\/tags?post=7870"}],"curies":[{"name":"wp","href":"https:\/\/api.w.org\/{rel}","templated":true}]}}