{"id":7252,"date":"2021-11-15T20:25:51","date_gmt":"2021-11-15T23:25:51","guid":{"rendered":"http:\/\/170.210.81.106\/newfade\/?p=7252"},"modified":"2022-10-12T20:26:58","modified_gmt":"2022-10-12T23:26:58","slug":"la-coneau-acredito-y-categorizo-la-especializacion-en-comunicacion-y-culturas-contemporaneas","status":"publish","type":"post","link":"https:\/\/fadeweb.uncoma.edu.ar\/index.php\/2021\/11\/15\/la-coneau-acredito-y-categorizo-la-especializacion-en-comunicacion-y-culturas-contemporaneas\/","title":{"rendered":"LA CONEAU ACREDIT\u00d3 Y CATEGORIZ\u00d3 LA ESPECIALIZACI\u00d3N EN COMUNICACI\u00d3N Y CULTURAS CONTEMPOR\u00c1NEAS"},"content":{"rendered":"<p class=\"texto\"><img fetchpriority=\"high\" decoding=\"async\" class=\"aligncenter wp-image-7253 size-large\" src=\"https:\/\/fadeweb.uncoma.edu.ar\/wp-content\/uploads\/2022\/10\/ccc-fadecs-1024x1024.jpg\" alt=\"\" width=\"800\" height=\"800\" srcset=\"https:\/\/fadeweb.uncoma.edu.ar\/wp-content\/uploads\/2022\/10\/ccc-fadecs-1024x1024.jpg 1024w, https:\/\/fadeweb.uncoma.edu.ar\/wp-content\/uploads\/2022\/10\/ccc-fadecs-300x300.jpg 300w, https:\/\/fadeweb.uncoma.edu.ar\/wp-content\/uploads\/2022\/10\/ccc-fadecs-150x150.jpg 150w, https:\/\/fadeweb.uncoma.edu.ar\/wp-content\/uploads\/2022\/10\/ccc-fadecs-768x768.jpg 768w, https:\/\/fadeweb.uncoma.edu.ar\/wp-content\/uploads\/2022\/10\/ccc-fadecs.jpg 1276w\" sizes=\"(max-width: 800px) 100vw, 800px\" \/><\/p>\n<p class=\"texto\">La carrera de Especializaci\u00f3n en Comunicaci\u00f3n y Culturas Contempor\u00e1neas que tiene sede en la Facultad de Derecho y Ciencias Sociales fue acreditada por la Coneau y categorizada B, en una reciente resoluci\u00f3n del 4 de noviembre pasado.<\/p>\n<p class=\"texto\">La categor\u00eda B significa que se ha calificado a la carrera como \u201cmuy buena\u201d.<\/p>\n<p class=\"texto\">El posgrado obtuvo as\u00ed un reconocimiento importante para quienes forman o formaron parte de alguna u otra forma del posgrado, como estudiantes, egresadas\/os, docentes, personal administrativo y de gesti\u00f3n.<\/p>\n<p class=\"texto\">La evaluaci\u00f3n fue realizada por pares evaluadores, es decir docentes e investigadoras\/es del campo. Se ponder\u00f3 la trayectoria de los integrantes de la gesti\u00f3n de la carrera, la composici\u00f3n del cuerpo acad\u00e9mico, los contenidos de las actividades curriculares, las actividades de investigaci\u00f3n relacionadas, la modalidad de evaluaci\u00f3n, la conformaci\u00f3n de los jurados, el seguimiento de estudiantes y egresadas\/os y la estructura de funcionamiento de la carrera, entre otros aspectos.<\/p>\n<p class=\"texto\">El posgrado est\u00e1 dirigido por Alejandro Rost y los integrantes del Comit\u00e9 Acad\u00e9mico son Pablo Schleifer, Mar\u00eda Teresa Bernardi, Marcelo Loaiza, Fabi\u00e1n Bergero, Valeria Belmonte, Bettina Pinto Aparicio y Julio Monasterio, todos docentes de la carrera de Comunicaci\u00f3n Social de la FADECS.<\/p>\n<p class=\"texto\">Esta especializaci\u00f3n es la primera espec\u00edfica en el campo de la comunicaci\u00f3n y el periodismo que se dicta en la Facultad de Derecho y Ciencias Sociales de la UNCo. Hasta el momento, se ha desarrollado una cohorte de la cual ya han egresado 23 especialistas.<\/p>\n","protected":false},"excerpt":{"rendered":"<p>La carrera de Especializaci\u00f3n en Comunicaci\u00f3n y Culturas Contempor\u00e1neas que tiene sede en la Facultad de Derecho y Ciencias Sociales fue acreditada por la Coneau y categorizada B, en una reciente resoluci\u00f3n del 4 de noviembre pasado. La categor\u00eda B significa que se ha calificado a la carrera como \u201cmuy buena\u201d. El posgrado obtuvo as\u00ed [&hellip;]<\/p>\n","protected":false},"author":2,"featured_media":7253,"comment_status":"open","ping_status":"open","sticky":false,"template":"","format":"standard","meta":{"footnotes":""},"categories":[13,5],"tags":[],"class_list":["post-7252","post","type-post","status-publish","format-standard","has-post-thumbnail","hentry","category-13","category-notifadecs"],"_links":{"self":[{"href":"https:\/\/fadeweb.uncoma.edu.ar\/index.php\/wp-json\/wp\/v2\/posts\/7252","targetHints":{"allow":["GET"]}}],"collection":[{"href":"https:\/\/fadeweb.uncoma.edu.ar\/index.php\/wp-json\/wp\/v2\/posts"}],"about":[{"href":"https:\/\/fadeweb.uncoma.edu.ar\/index.php\/wp-json\/wp\/v2\/types\/post"}],"author":[{"embeddable":true,"href":"https:\/\/fadeweb.uncoma.edu.ar\/index.php\/wp-json\/wp\/v2\/users\/2"}],"replies":[{"embeddable":true,"href":"https:\/\/fadeweb.uncoma.edu.ar\/index.php\/wp-json\/wp\/v2\/comments?post=7252"}],"version-history":[{"count":1,"href":"https:\/\/fadeweb.uncoma.edu.ar\/index.php\/wp-json\/wp\/v2\/posts\/7252\/revisions"}],"predecessor-version":[{"id":7254,"href":"https:\/\/fadeweb.uncoma.edu.ar\/index.php\/wp-json\/wp\/v2\/posts\/7252\/revisions\/7254"}],"wp:featuredmedia":[{"embeddable":true,"href":"https:\/\/fadeweb.uncoma.edu.ar\/index.php\/wp-json\/wp\/v2\/media\/7253"}],"wp:attachment":[{"href":"https:\/\/fadeweb.uncoma.edu.ar\/index.php\/wp-json\/wp\/v2\/media?parent=7252"}],"wp:term":[{"taxonomy":"category","embeddable":true,"href":"https:\/\/fadeweb.uncoma.edu.ar\/index.php\/wp-json\/wp\/v2\/categories?post=7252"},{"taxonomy":"post_tag","embeddable":true,"href":"https:\/\/fadeweb.uncoma.edu.ar\/index.php\/wp-json\/wp\/v2\/tags?post=7252"}],"curies":[{"name":"wp","href":"https:\/\/api.w.org\/{rel}","templated":true}]}}