{"id":7186,"date":"2022-10-12T10:56:52","date_gmt":"2022-10-12T13:56:52","guid":{"rendered":"http:\/\/170.210.81.106\/newfade\/?p=7186"},"modified":"2022-10-14T08:20:56","modified_gmt":"2022-10-14T11:20:56","slug":"exitoso-encuentro-de-jovenes-profesores-de-derecho-constitucional","status":"publish","type":"post","link":"https:\/\/fadeweb.uncoma.edu.ar\/index.php\/2022\/10\/12\/exitoso-encuentro-de-jovenes-profesores-de-derecho-constitucional\/","title":{"rendered":"EXITOSO ENCUENTRO DE J\u00d3VENES PROFESORES DE DERECHO CONSTITUCIONAL"},"content":{"rendered":"<p class=\"texto\"><img fetchpriority=\"high\" decoding=\"async\" class=\"aligncenter wp-image-7187 size-full\" src=\"https:\/\/fadeweb.uncoma.edu.ar\/wp-content\/uploads\/2022\/10\/ENCUENTRO-JOVENES-PROFESORES-DERECHO-CONSTITUCIONAL.jpeg\" alt=\"\" width=\"800\" height=\"502\" srcset=\"https:\/\/fadeweb.uncoma.edu.ar\/wp-content\/uploads\/2022\/10\/ENCUENTRO-JOVENES-PROFESORES-DERECHO-CONSTITUCIONAL.jpeg 800w, https:\/\/fadeweb.uncoma.edu.ar\/wp-content\/uploads\/2022\/10\/ENCUENTRO-JOVENES-PROFESORES-DERECHO-CONSTITUCIONAL-300x188.jpeg 300w, https:\/\/fadeweb.uncoma.edu.ar\/wp-content\/uploads\/2022\/10\/ENCUENTRO-JOVENES-PROFESORES-DERECHO-CONSTITUCIONAL-768x482.jpeg 768w\" sizes=\"(max-width: 800px) 100vw, 800px\" \/><\/p>\n<p class=\"texto\">El XIII Encuentro J\u00f3venes Profesores de Derecho Constitucional \u00abConstitucionalismo y democracia. Desaf\u00edos en un mundo en crisis\u00bb se realiz\u00f3 el 5 y 6 de octubre en Bariloche. Estuvo organizado por la Asociaci\u00f3n Argentina de Derecho Constitucional y co organizado por la Facultad de Derecho y Ciencias Sociales de la UNCo, la Fiscal\u00eda de Estado de R\u00edo Negro y la Escuela del Cuerpo de Abogados del Estado.<\/p>\n<p class=\"texto\">Estuvieron presentes las autoridades de la FADECS, Decano Abog. Mg. Juan Carlos Fern\u00e1ndez, la Secretaria Acad\u00e9mica Abog. Mar\u00eda Marta Peralta, la Secretar\u00eda de Extensi\u00f3n y Asuntos Estudiantiles Abog. Sof\u00eda Szechenyi, y el Director del Departamento de Postgrado Abog. Alejandro Monzani. En la apertura, el decano Fern\u00e1ndez dijo que \u00abes un honor compartir la organizaci\u00f3n del encuentro junto con la Asociaci\u00f3n Argentina de Derecho Constitucional, y agradeci\u00f3 a las autoridades municipales por brindar la hospitalidad para su realizaci\u00f3n. Hizo lo propio con el Fiscal de Estado de R\u00edo Negro Dr. Gast\u00f3n P\u00e9rez Estevan, por permitir transitar un camino conjunto con sus profesionales y nuestros docentes y estudiantes, y que esperamos se profundice en cantidad, calidad y densidad acad\u00e9mica\u00bb.<\/p>\n<p class=\"texto\">Asistieron las\/los docentes de la FADECS Alejandro Monzani, en car\u00e1cter de moderador, y Agustina Naffa como panelista, de la Sesi\u00f3n 2 \u00abEl control de constitucionalidad y las cuestiones pol\u00edticas no justiciables\u00bb; Federico Ambroggio, como moderador, y Sergio Barotto como panelista, de la Mesa redonda \u00abTribunales nacionales e internacionales. Tensiones y conciliaciones en una relaci\u00f3n necesariamente inc\u00f3moda\u00bb. Entre los asistentes se registraron graduadas\/os y estudiantes de la FADECS. El encuentro fue abierto y gratuito para la comunidad.<\/p>\n<p class=\"texto\">El cierre del encuentro de J\u00f3venes Profesores de Derecho Constitucional fue con una conferencia magistral a cargo del Dr. Carlos Fernando Rosenkrantz, vicepresidente de la Corte Suprema de Justicia de la Naci\u00f3n. sobre el tema \u00abEl precedente. Dos perspectivas\u00bb.<\/p>\n<p class=\"texto\"><strong>Debate respetuoso de posiciones<\/strong><br \/>\nEl profesor Federico Ambroggio, de la Comisi\u00f3n organizadora local, recibi\u00f3 el reconocimiento por \u00abla excelente organizaci\u00f3n y el gran nivel de los expositores\u00bb, por lo cual agradeci\u00f3 \u00aba la FADECS, a la Asociaci\u00f3n Argentina de Derecho Constitucional, a la Escuela de Abogados del Estado de R\u00edo Negro, y a la Comisi\u00f3n Organizadora por toda la incre\u00edble realizaci\u00f3n de un evento que nos enorgullece\u00bb.<\/p>\n<p class=\"texto\">\u00abLuego de casi once meses de intensa preparaci\u00f3n, el XIII Encuentro de J\u00f3venes Docentes de la AADC se desarroll\u00f3 mejor de lo planeado. Desde distintas perspectivas y or\u00edgenes se debati\u00f3 con respeto. Disentimos sin agredirnos. Consensuamos sin claudicaciones. El futuro es por ah\u00ed\u00bb, dijo.<\/p>\n<p class=\"texto\"><strong>Importante:<\/strong> El enlace a todas las conferencias y el seguimiento del Congreso se puede visualizar en el<a href=\"https:\/\/www.youtube.com\/channel\/UC0kYII8SbVn2V80CumGmTjQ\"> canal de YouTube de la Escuela de Abogados del Estado de R\u00edo Negro<\/a>: <a href=\"https:\/\/www.youtube.com\/channel\/UC0kYII8SbVn2V80CumGmTjQ\">https:\/\/www.youtube.com\/channel\/UC0kYII8SbVn2V80CumGmTjQ<\/a><\/p>\n","protected":false},"excerpt":{"rendered":"<p>El XIII Encuentro J\u00f3venes Profesores de Derecho Constitucional \u00abConstitucionalismo y democracia. Desaf\u00edos en un mundo en crisis\u00bb se realiz\u00f3 el 5 y 6 de octubre en Bariloche. Estuvo organizado por la Asociaci\u00f3n Argentina de Derecho Constitucional y co organizado por la Facultad de Derecho y Ciencias Sociales de la UNCo, la Fiscal\u00eda de Estado de [&hellip;]<\/p>\n","protected":false},"author":2,"featured_media":7187,"comment_status":"open","ping_status":"open","sticky":false,"template":"","format":"standard","meta":{"footnotes":""},"categories":[14,5],"tags":[],"class_list":["post-7186","post","type-post","status-publish","format-standard","has-post-thumbnail","hentry","category-14","category-notifadecs"],"_links":{"self":[{"href":"https:\/\/fadeweb.uncoma.edu.ar\/index.php\/wp-json\/wp\/v2\/posts\/7186","targetHints":{"allow":["GET"]}}],"collection":[{"href":"https:\/\/fadeweb.uncoma.edu.ar\/index.php\/wp-json\/wp\/v2\/posts"}],"about":[{"href":"https:\/\/fadeweb.uncoma.edu.ar\/index.php\/wp-json\/wp\/v2\/types\/post"}],"author":[{"embeddable":true,"href":"https:\/\/fadeweb.uncoma.edu.ar\/index.php\/wp-json\/wp\/v2\/users\/2"}],"replies":[{"embeddable":true,"href":"https:\/\/fadeweb.uncoma.edu.ar\/index.php\/wp-json\/wp\/v2\/comments?post=7186"}],"version-history":[{"count":1,"href":"https:\/\/fadeweb.uncoma.edu.ar\/index.php\/wp-json\/wp\/v2\/posts\/7186\/revisions"}],"predecessor-version":[{"id":7188,"href":"https:\/\/fadeweb.uncoma.edu.ar\/index.php\/wp-json\/wp\/v2\/posts\/7186\/revisions\/7188"}],"wp:featuredmedia":[{"embeddable":true,"href":"https:\/\/fadeweb.uncoma.edu.ar\/index.php\/wp-json\/wp\/v2\/media\/7187"}],"wp:attachment":[{"href":"https:\/\/fadeweb.uncoma.edu.ar\/index.php\/wp-json\/wp\/v2\/media?parent=7186"}],"wp:term":[{"taxonomy":"category","embeddable":true,"href":"https:\/\/fadeweb.uncoma.edu.ar\/index.php\/wp-json\/wp\/v2\/categories?post=7186"},{"taxonomy":"post_tag","embeddable":true,"href":"https:\/\/fadeweb.uncoma.edu.ar\/index.php\/wp-json\/wp\/v2\/tags?post=7186"}],"curies":[{"name":"wp","href":"https:\/\/api.w.org\/{rel}","templated":true}]}}