{"id":6338,"date":"2018-04-23T21:24:28","date_gmt":"2018-04-24T00:24:28","guid":{"rendered":"http:\/\/170.210.81.106\/newfade\/?p=6338"},"modified":"2022-10-07T21:25:25","modified_gmt":"2022-10-08T00:25:25","slug":"presentacion-del-libro-historia-secreta-mapuche","status":"publish","type":"post","link":"https:\/\/fadeweb.uncoma.edu.ar\/index.php\/2018\/04\/23\/presentacion-del-libro-historia-secreta-mapuche\/","title":{"rendered":"PRESENTACI\u00d3N DEL LIBRO \u00abHISTORIA SECRETA MAPUCHE\u00bb"},"content":{"rendered":"<p class=\"texto\"><img fetchpriority=\"high\" decoding=\"async\" class=\"aligncenter wp-image-6339 size-large\" src=\"https:\/\/fadeweb.uncoma.edu.ar\/wp-content\/uploads\/2022\/10\/historia-secreta-mapuche-1024x683.jpg\" alt=\"\" width=\"800\" height=\"534\" srcset=\"https:\/\/fadeweb.uncoma.edu.ar\/wp-content\/uploads\/2022\/10\/historia-secreta-mapuche-1024x683.jpg 1024w, https:\/\/fadeweb.uncoma.edu.ar\/wp-content\/uploads\/2022\/10\/historia-secreta-mapuche-300x200.jpg 300w, https:\/\/fadeweb.uncoma.edu.ar\/wp-content\/uploads\/2022\/10\/historia-secreta-mapuche-768x512.jpg 768w, https:\/\/fadeweb.uncoma.edu.ar\/wp-content\/uploads\/2022\/10\/historia-secreta-mapuche-1536x1024.jpg 1536w, https:\/\/fadeweb.uncoma.edu.ar\/wp-content\/uploads\/2022\/10\/historia-secreta-mapuche.jpg 1920w\" sizes=\"(max-width: 800px) 100vw, 800px\" \/>La obra \u00abHistoria secreta mapuche\u00bb, de Pedro C\u00e9sar Calluqueo Millaqueo, es una cr\u00f3nica hist\u00f3rica que tiene el objetivo de \u00abdespertar nuestra curiosidad. La historia mapuche, aquella que a\u00fan no se cuenta en el sistema educativo, es fascinante. Nada tiene que envidiar en gestas y aventuras a la de los mongoles o aquella de las tribus del oeste norteamericano\u00bb, expresa su autor en el pr\u00f3logo.<\/p>\n<p class=\"texto\">El libro ser\u00e1 presentado el martes 24 de abril a las 19 en el Aula Magna de la Facultad de Derecho y Ciencias Sociales. El acto contar\u00e1 con la participaci\u00f3n de m\u00fasicos invitados.<\/p>\n<p class=\"texto\">La organizaci\u00f3n est\u00e1 a cargo de H\u00e1bitos Saludables y la Secretar\u00eda de Extensi\u00f3n FADECS, el Grupo de Arte y Comunicaci\u00f3n Mapuche LEUFU y la Biblioteca UNTER Seccional Roca.<\/p>\n<p class=\"texto\"><strong>Perfil biogr\u00e1fico<\/strong><\/p>\n<p class=\"texto\">Pedro Cayuqueo Millaqueo (Puerto Saavedra, 1975) es periodista y escritor. Originario de una comunidad mapuche del valle del Caut\u00edn, curs\u00f3 estudios de leyes en la Universidad Cat\u00f3lica de Temuco y periodismo en la Universidad de La Frontera.<\/p>\n<p class=\"texto\">En 1999 fue delegado del pueblo mapuche ante la Comisi\u00f3n de Derechos Humanos de la Organizaci\u00f3n de Naciones Unidas, en Ginebra, Suiza. Ha realizado pasant\u00edas en comunicaci\u00f3n y patrimonio cultural en universidades de Dinamarca, Espa\u00f1a, EE.UU y Canad\u00e1.<\/p>\n<p class=\"texto\">Fue fundador y director de los peri\u00f3dicos Azkintuwe y MapucheTimes. En Chile ha sido columnista de The Clinic, revista Caras y actualmente colabora con La Tercera y el diario Austral de Temuco. Ha publicado adem\u00e1s en medios internacionales como La Jornada de M\u00e9xico, El Pa\u00eds de Espa\u00f1a y The Independent en Inglaterra.<\/p>\n<p class=\"texto\">Es autor de los libros Solo por ser indios, La voz de los lonkos, Esa ruca llamada Chile, Huenchumilla, Fuerte Temuco e Historia secreta mapuche, todos con editorial Catalonia. Ha sido incluido adem\u00e1s en diversas antolog\u00edas de cr\u00f3nicas tanto en Chile como el extranjero.<\/p>\n<p class=\"texto\">En 2011 fue premiado por el Colegio de Periodistas de Chile y en 2013 recibi\u00f3 el Premio al Periodismo Iberoamericano otorgado por el North American Congress on Latin America y la Universidad de Nueva York.<\/p>\n<p class=\"texto\">En 2013 fue tambi\u00e9n finalista del Premio Periodismo de Excelencia de la Universidad Alberto Hurtado en categor\u00eda Periodismo de Opini\u00f3n. En 2016 fue jurado del mismo certamen en la categor\u00eda Periodismo de Investigaci\u00f3n.<\/p>\n<p class=\"texto\">Entre los a\u00f1os 2012 y 2015 form\u00f3 parte del Consejo Consultivo del Instituto Nacional de Derechos Humanos (INDH). Hoy forma parte del directorio del centro de estudios Espacio P\u00fablico y es miembro de la Corporaci\u00f3n de Profesionales Mapuche Enama. Es conductor del programa cultural de entrevistas Kulmapu que transmite CNN Chile.<\/p>\n","protected":false},"excerpt":{"rendered":"<p>La obra \u00abHistoria secreta mapuche\u00bb, de Pedro C\u00e9sar Calluqueo Millaqueo, es una cr\u00f3nica hist\u00f3rica que tiene el objetivo de \u00abdespertar nuestra curiosidad. La historia mapuche, aquella que a\u00fan no se cuenta en el sistema educativo, es fascinante. Nada tiene que envidiar en gestas y aventuras a la de los mongoles o aquella de las tribus [&hellip;]<\/p>\n","protected":false},"author":2,"featured_media":6339,"comment_status":"open","ping_status":"open","sticky":false,"template":"","format":"standard","meta":{"footnotes":""},"categories":[11,45,5],"tags":[],"class_list":["post-6338","post","type-post","status-publish","format-standard","has-post-thumbnail","hentry","category-11","category-habitos-saludables","category-notifadecs"],"_links":{"self":[{"href":"https:\/\/fadeweb.uncoma.edu.ar\/index.php\/wp-json\/wp\/v2\/posts\/6338","targetHints":{"allow":["GET"]}}],"collection":[{"href":"https:\/\/fadeweb.uncoma.edu.ar\/index.php\/wp-json\/wp\/v2\/posts"}],"about":[{"href":"https:\/\/fadeweb.uncoma.edu.ar\/index.php\/wp-json\/wp\/v2\/types\/post"}],"author":[{"embeddable":true,"href":"https:\/\/fadeweb.uncoma.edu.ar\/index.php\/wp-json\/wp\/v2\/users\/2"}],"replies":[{"embeddable":true,"href":"https:\/\/fadeweb.uncoma.edu.ar\/index.php\/wp-json\/wp\/v2\/comments?post=6338"}],"version-history":[{"count":1,"href":"https:\/\/fadeweb.uncoma.edu.ar\/index.php\/wp-json\/wp\/v2\/posts\/6338\/revisions"}],"predecessor-version":[{"id":6340,"href":"https:\/\/fadeweb.uncoma.edu.ar\/index.php\/wp-json\/wp\/v2\/posts\/6338\/revisions\/6340"}],"wp:featuredmedia":[{"embeddable":true,"href":"https:\/\/fadeweb.uncoma.edu.ar\/index.php\/wp-json\/wp\/v2\/media\/6339"}],"wp:attachment":[{"href":"https:\/\/fadeweb.uncoma.edu.ar\/index.php\/wp-json\/wp\/v2\/media?parent=6338"}],"wp:term":[{"taxonomy":"category","embeddable":true,"href":"https:\/\/fadeweb.uncoma.edu.ar\/index.php\/wp-json\/wp\/v2\/categories?post=6338"},{"taxonomy":"post_tag","embeddable":true,"href":"https:\/\/fadeweb.uncoma.edu.ar\/index.php\/wp-json\/wp\/v2\/tags?post=6338"}],"curies":[{"name":"wp","href":"https:\/\/api.w.org\/{rel}","templated":true}]}}