{"id":6335,"date":"2018-03-09T21:23:10","date_gmt":"2018-03-10T00:23:10","guid":{"rendered":"http:\/\/170.210.81.106\/newfade\/?p=6335"},"modified":"2022-10-07T21:24:05","modified_gmt":"2022-10-08T00:24:05","slug":"charla-informativa-sobre-huerta-agro-ecologica","status":"publish","type":"post","link":"https:\/\/fadeweb.uncoma.edu.ar\/index.php\/2018\/03\/09\/charla-informativa-sobre-huerta-agro-ecologica\/","title":{"rendered":"CHARLA INFORMATIVA SOBRE HUERTA AGRO ECOL\u00d3GICA"},"content":{"rendered":"<p class=\"texto\"><img fetchpriority=\"high\" decoding=\"async\" class=\"aligncenter wp-image-6336 size-large\" src=\"https:\/\/fadeweb.uncoma.edu.ar\/wp-content\/uploads\/2022\/10\/huerta2-1024x724.jpg\" alt=\"\" width=\"800\" height=\"566\" srcset=\"https:\/\/fadeweb.uncoma.edu.ar\/wp-content\/uploads\/2022\/10\/huerta2-1024x724.jpg 1024w, https:\/\/fadeweb.uncoma.edu.ar\/wp-content\/uploads\/2022\/10\/huerta2-300x212.jpg 300w, https:\/\/fadeweb.uncoma.edu.ar\/wp-content\/uploads\/2022\/10\/huerta2-768x543.jpg 768w, https:\/\/fadeweb.uncoma.edu.ar\/wp-content\/uploads\/2022\/10\/huerta2-1536x1086.jpg 1536w, https:\/\/fadeweb.uncoma.edu.ar\/wp-content\/uploads\/2022\/10\/huerta2.jpg 1920w\" sizes=\"(max-width: 800px) 100vw, 800px\" \/>La charla informativa sobre Huerta Agro Ecol\u00f3gica de oto\u00f1o invierno se realizar\u00e1 el jueves 15 de marzo a las 19 en el aula 31 de la FADECS. Ser\u00e1 dictada por el ingeniero agr\u00f3nomo Pablo Antonio V\u00e1squez, T\u00e9cnico del Programa Pro Huerta y docente de la Facultad de Ciencias Agrarias UNCo.<\/p>\n<p class=\"texto\">El programa incluye Preparaci\u00f3n del suelo y armado de canteros, Tipos de siembra, y Cuidados de la huerta agroecol\u00f3gica.<\/p>\n<p class=\"texto\">Se entregar\u00e1n certificados de asistencia. Es abierta a todo p\u00fablico y gratuita. No es necesario inscribirse.<\/p>\n<p class=\"texto\">La organizaci\u00f3n est\u00e1 a cargo del \u00e1rea H\u00e1bitos Saludables y la Secretar\u00eda de Extensi\u00f3n de la FADECS.<\/p>\n","protected":false},"excerpt":{"rendered":"<p>La charla informativa sobre Huerta Agro Ecol\u00f3gica de oto\u00f1o invierno se realizar\u00e1 el jueves 15 de marzo a las 19 en el aula 31 de la FADECS. Ser\u00e1 dictada por el ingeniero agr\u00f3nomo Pablo Antonio V\u00e1squez, T\u00e9cnico del Programa Pro Huerta y docente de la Facultad de Ciencias Agrarias UNCo. El programa incluye Preparaci\u00f3n del [&hellip;]<\/p>\n","protected":false},"author":2,"featured_media":6336,"comment_status":"open","ping_status":"open","sticky":false,"template":"","format":"standard","meta":{"footnotes":""},"categories":[11,45,5],"tags":[],"class_list":["post-6335","post","type-post","status-publish","format-standard","has-post-thumbnail","hentry","category-11","category-habitos-saludables","category-notifadecs"],"_links":{"self":[{"href":"https:\/\/fadeweb.uncoma.edu.ar\/index.php\/wp-json\/wp\/v2\/posts\/6335","targetHints":{"allow":["GET"]}}],"collection":[{"href":"https:\/\/fadeweb.uncoma.edu.ar\/index.php\/wp-json\/wp\/v2\/posts"}],"about":[{"href":"https:\/\/fadeweb.uncoma.edu.ar\/index.php\/wp-json\/wp\/v2\/types\/post"}],"author":[{"embeddable":true,"href":"https:\/\/fadeweb.uncoma.edu.ar\/index.php\/wp-json\/wp\/v2\/users\/2"}],"replies":[{"embeddable":true,"href":"https:\/\/fadeweb.uncoma.edu.ar\/index.php\/wp-json\/wp\/v2\/comments?post=6335"}],"version-history":[{"count":1,"href":"https:\/\/fadeweb.uncoma.edu.ar\/index.php\/wp-json\/wp\/v2\/posts\/6335\/revisions"}],"predecessor-version":[{"id":6337,"href":"https:\/\/fadeweb.uncoma.edu.ar\/index.php\/wp-json\/wp\/v2\/posts\/6335\/revisions\/6337"}],"wp:featuredmedia":[{"embeddable":true,"href":"https:\/\/fadeweb.uncoma.edu.ar\/index.php\/wp-json\/wp\/v2\/media\/6336"}],"wp:attachment":[{"href":"https:\/\/fadeweb.uncoma.edu.ar\/index.php\/wp-json\/wp\/v2\/media?parent=6335"}],"wp:term":[{"taxonomy":"category","embeddable":true,"href":"https:\/\/fadeweb.uncoma.edu.ar\/index.php\/wp-json\/wp\/v2\/categories?post=6335"},{"taxonomy":"post_tag","embeddable":true,"href":"https:\/\/fadeweb.uncoma.edu.ar\/index.php\/wp-json\/wp\/v2\/tags?post=6335"}],"curies":[{"name":"wp","href":"https:\/\/api.w.org\/{rel}","templated":true}]}}