{"id":6332,"date":"2018-05-11T21:21:59","date_gmt":"2018-05-12T00:21:59","guid":{"rendered":"http:\/\/170.210.81.106\/newfade\/?p=6332"},"modified":"2022-10-07T21:22:53","modified_gmt":"2022-10-08T00:22:53","slug":"charla-sobre-huerta-agroecologica-2","status":"publish","type":"post","link":"https:\/\/fadeweb.uncoma.edu.ar\/index.php\/2018\/05\/11\/charla-sobre-huerta-agroecologica-2\/","title":{"rendered":"CHARLA SOBRE HUERTA AGROEC\u00d3LOGICA"},"content":{"rendered":"<p class=\"texto\"><img fetchpriority=\"high\" decoding=\"async\" class=\"aligncenter wp-image-6333 size-large\" src=\"https:\/\/fadeweb.uncoma.edu.ar\/wp-content\/uploads\/2022\/10\/huerta3-1024x723.jpg\" alt=\"\" width=\"800\" height=\"565\" srcset=\"https:\/\/fadeweb.uncoma.edu.ar\/wp-content\/uploads\/2022\/10\/huerta3-1024x723.jpg 1024w, https:\/\/fadeweb.uncoma.edu.ar\/wp-content\/uploads\/2022\/10\/huerta3-300x212.jpg 300w, https:\/\/fadeweb.uncoma.edu.ar\/wp-content\/uploads\/2022\/10\/huerta3-768x542.jpg 768w, https:\/\/fadeweb.uncoma.edu.ar\/wp-content\/uploads\/2022\/10\/huerta3-1536x1085.jpg 1536w, https:\/\/fadeweb.uncoma.edu.ar\/wp-content\/uploads\/2022\/10\/huerta3.jpg 1920w\" sizes=\"(max-width: 800px) 100vw, 800px\" \/>La Secretar\u00eda de Extensi\u00f3n de la FADECS invita e informa a toda la comunidad que dentro del ciclo de charlas sobre Huerta que organiza el \u00e1rea de H\u00e1bitos Saludables, el martes 15 de mayo a las 19 hs en el aula 11, se brindar\u00e1 una charla informativa sobre:<\/p>\n<p class=\"texto\">* Producci\u00f3n de brotes comestibles, extracci\u00f3n de semillas de la huerta y propagaci\u00f3n de arom\u00e1ticas.<\/p>\n<p class=\"texto\">El ingeniero Pablo V\u00e1squez (INTA) explicar\u00e1 la forma de producir brotes y germinados comestibles a partir de soja, alfalfa y lentejas. Tambi\u00e9n har\u00e1 hincapi\u00e9 en los distintos m\u00e9todos de extracci\u00f3n y conservaci\u00f3n de semillas de la huerta y en c\u00f3mo propagar hierbas arom\u00e1ticas con una doble finalidad: no s\u00f3lo utilizarlas para condimentar nuestros alimentos, sino para el control biol\u00f3gico de plagas en la huerta agroecol\u00f3gica<\/p>\n","protected":false},"excerpt":{"rendered":"<p>La Secretar\u00eda de Extensi\u00f3n de la FADECS invita e informa a toda la comunidad que dentro del ciclo de charlas sobre Huerta que organiza el \u00e1rea de H\u00e1bitos Saludables, el martes 15 de mayo a las 19 hs en el aula 11, se brindar\u00e1 una charla informativa sobre: * Producci\u00f3n de brotes comestibles, extracci\u00f3n de [&hellip;]<\/p>\n","protected":false},"author":2,"featured_media":6333,"comment_status":"open","ping_status":"open","sticky":false,"template":"","format":"standard","meta":{"footnotes":""},"categories":[11,45,5],"tags":[],"class_list":["post-6332","post","type-post","status-publish","format-standard","has-post-thumbnail","hentry","category-11","category-habitos-saludables","category-notifadecs"],"_links":{"self":[{"href":"https:\/\/fadeweb.uncoma.edu.ar\/index.php\/wp-json\/wp\/v2\/posts\/6332","targetHints":{"allow":["GET"]}}],"collection":[{"href":"https:\/\/fadeweb.uncoma.edu.ar\/index.php\/wp-json\/wp\/v2\/posts"}],"about":[{"href":"https:\/\/fadeweb.uncoma.edu.ar\/index.php\/wp-json\/wp\/v2\/types\/post"}],"author":[{"embeddable":true,"href":"https:\/\/fadeweb.uncoma.edu.ar\/index.php\/wp-json\/wp\/v2\/users\/2"}],"replies":[{"embeddable":true,"href":"https:\/\/fadeweb.uncoma.edu.ar\/index.php\/wp-json\/wp\/v2\/comments?post=6332"}],"version-history":[{"count":1,"href":"https:\/\/fadeweb.uncoma.edu.ar\/index.php\/wp-json\/wp\/v2\/posts\/6332\/revisions"}],"predecessor-version":[{"id":6334,"href":"https:\/\/fadeweb.uncoma.edu.ar\/index.php\/wp-json\/wp\/v2\/posts\/6332\/revisions\/6334"}],"wp:featuredmedia":[{"embeddable":true,"href":"https:\/\/fadeweb.uncoma.edu.ar\/index.php\/wp-json\/wp\/v2\/media\/6333"}],"wp:attachment":[{"href":"https:\/\/fadeweb.uncoma.edu.ar\/index.php\/wp-json\/wp\/v2\/media?parent=6332"}],"wp:term":[{"taxonomy":"category","embeddable":true,"href":"https:\/\/fadeweb.uncoma.edu.ar\/index.php\/wp-json\/wp\/v2\/categories?post=6332"},{"taxonomy":"post_tag","embeddable":true,"href":"https:\/\/fadeweb.uncoma.edu.ar\/index.php\/wp-json\/wp\/v2\/tags?post=6332"}],"curies":[{"name":"wp","href":"https:\/\/api.w.org\/{rel}","templated":true}]}}