{"id":6329,"date":"2018-05-09T21:20:46","date_gmt":"2018-05-10T00:20:46","guid":{"rendered":"http:\/\/170.210.81.106\/newfade\/?p=6329"},"modified":"2022-10-07T21:21:41","modified_gmt":"2022-10-08T00:21:41","slug":"prevencion-en-factores-de-riesgo-en-salud-mental","status":"publish","type":"post","link":"https:\/\/fadeweb.uncoma.edu.ar\/index.php\/2018\/05\/09\/prevencion-en-factores-de-riesgo-en-salud-mental\/","title":{"rendered":"PREVENCI\u00d3N EN FACTORES DE RIESGO EN SALUD MENTAL"},"content":{"rendered":"<p class=\"texto\"><img fetchpriority=\"high\" decoding=\"async\" class=\"aligncenter wp-image-6330 size-large\" src=\"https:\/\/fadeweb.uncoma.edu.ar\/wp-content\/uploads\/2022\/10\/trc-1024x683.jpg\" alt=\"\" width=\"800\" height=\"534\" srcset=\"https:\/\/fadeweb.uncoma.edu.ar\/wp-content\/uploads\/2022\/10\/trc-1024x683.jpg 1024w, https:\/\/fadeweb.uncoma.edu.ar\/wp-content\/uploads\/2022\/10\/trc-300x200.jpg 300w, https:\/\/fadeweb.uncoma.edu.ar\/wp-content\/uploads\/2022\/10\/trc-768x512.jpg 768w, https:\/\/fadeweb.uncoma.edu.ar\/wp-content\/uploads\/2022\/10\/trc-1536x1024.jpg 1536w, https:\/\/fadeweb.uncoma.edu.ar\/wp-content\/uploads\/2022\/10\/trc.jpg 1920w\" sizes=\"(max-width: 800px) 100vw, 800px\" \/>La Secretar\u00eda de Extensi\u00f3n de la FADECS informa que desde el \u00e1rea de H\u00e1bitos Saludables se llevar\u00e1n adelante los Talleres de Resoluci\u00f3n de Conflictos para el abordaje de la tem\u00e1tica \u00abprevenci\u00f3n en factores de riesgo en salud mental\u00bb, los cuales tendr\u00e1n lugar en el Aula Magna de la casa de estudios los d\u00edas 11 y 12 de mayo.<\/p>\n<p class=\"texto\">Dichos talleres estar\u00e1n a cargo de la Dra. en Psicolog\u00eda Diana Altavilla, de la Asociaci\u00f3n Argentina de Salud Mental (AASM), la Asociaci\u00f3n internacional para la prevenci\u00f3n del suicidio (IASP), y la Asociaci\u00f3n Mundial de Psiquiatr\u00eda (WPA).<\/p>\n<p class=\"texto\"><strong>Est\u00e1n dirigidos a:<\/strong><\/p>\n<p class=\"texto\">Viernes 11\/5<\/p>\n<ul>\n<li class=\"texto\">Taller A) Estudiantes avanzados y graduados en Psicolog\u00eda. Horario: de 9:30 a 11:30 hs.<\/li>\n<li class=\"texto\">Taller B) Estudiantes, graduados y trabajadores en el \u00e1mbito de: Educaci\u00f3n, Sociolog\u00eda, Trabajo Social, Tecnicatura en Psicolog\u00eda social, Ciencias de la Salud, Operadores psicosociales o comunitarios, y otras carreras similares. Horario: de 12:30 a 14:00 hs.<\/li>\n<\/ul>\n<p class=\"texto\">S\u00e1bado 12\/05<\/p>\n<ul>\n<li class=\"texto\">Taller C) Allegados NO familiares de personas en situaci\u00f3n de riesgo de salud mental.<\/li>\n<li class=\"texto\">Taller D) Familiares de personas en situaci\u00f3n de riesgo de salud mental.<\/li>\n<li class=\"texto\">E. Consultas personalizadas: Allegados y profesionales u operadores de salud o comunidad. Arancelado (excepto justificaciones previas)<\/li>\n<\/ul>\n<p class=\"texto\"><strong>Informes e inscripci\u00f3n:<\/strong>\u00a0<a href=\"mailto:habitosaludable_fisque@yahoo.com.ar\">habitosaludable_fisque@yahoo.com.ar<\/a><\/p>\n<p class=\"texto\">Facebook: H\u00e1bitos Saludables FADECS &#8211; Cel. 298-4313751 \u00f3 299-5114443<\/p>\n<p class=\"texto\"><strong>Organizan:<\/strong>\u00a0H\u00e1bitos Saludables FADECS \u2013 Secretar\u00eda de Extensi\u00f3n<\/p>\n<p class=\"texto\"><strong>Auspicia:<\/strong>\u00a0C\u00e1tedra Libre Salud P\u00fablica y Adicciones (Facultad Ciencias del Ambiente y la Salud UNCo)<\/p>\n","protected":false},"excerpt":{"rendered":"<p>La Secretar\u00eda de Extensi\u00f3n de la FADECS informa que desde el \u00e1rea de H\u00e1bitos Saludables se llevar\u00e1n adelante los Talleres de Resoluci\u00f3n de Conflictos para el abordaje de la tem\u00e1tica \u00abprevenci\u00f3n en factores de riesgo en salud mental\u00bb, los cuales tendr\u00e1n lugar en el Aula Magna de la casa de estudios los d\u00edas 11 y [&hellip;]<\/p>\n","protected":false},"author":2,"featured_media":6330,"comment_status":"open","ping_status":"open","sticky":false,"template":"","format":"standard","meta":{"footnotes":""},"categories":[11,45,5],"tags":[],"class_list":["post-6329","post","type-post","status-publish","format-standard","has-post-thumbnail","hentry","category-11","category-habitos-saludables","category-notifadecs"],"_links":{"self":[{"href":"https:\/\/fadeweb.uncoma.edu.ar\/index.php\/wp-json\/wp\/v2\/posts\/6329","targetHints":{"allow":["GET"]}}],"collection":[{"href":"https:\/\/fadeweb.uncoma.edu.ar\/index.php\/wp-json\/wp\/v2\/posts"}],"about":[{"href":"https:\/\/fadeweb.uncoma.edu.ar\/index.php\/wp-json\/wp\/v2\/types\/post"}],"author":[{"embeddable":true,"href":"https:\/\/fadeweb.uncoma.edu.ar\/index.php\/wp-json\/wp\/v2\/users\/2"}],"replies":[{"embeddable":true,"href":"https:\/\/fadeweb.uncoma.edu.ar\/index.php\/wp-json\/wp\/v2\/comments?post=6329"}],"version-history":[{"count":1,"href":"https:\/\/fadeweb.uncoma.edu.ar\/index.php\/wp-json\/wp\/v2\/posts\/6329\/revisions"}],"predecessor-version":[{"id":6331,"href":"https:\/\/fadeweb.uncoma.edu.ar\/index.php\/wp-json\/wp\/v2\/posts\/6329\/revisions\/6331"}],"wp:featuredmedia":[{"embeddable":true,"href":"https:\/\/fadeweb.uncoma.edu.ar\/index.php\/wp-json\/wp\/v2\/media\/6330"}],"wp:attachment":[{"href":"https:\/\/fadeweb.uncoma.edu.ar\/index.php\/wp-json\/wp\/v2\/media?parent=6329"}],"wp:term":[{"taxonomy":"category","embeddable":true,"href":"https:\/\/fadeweb.uncoma.edu.ar\/index.php\/wp-json\/wp\/v2\/categories?post=6329"},{"taxonomy":"post_tag","embeddable":true,"href":"https:\/\/fadeweb.uncoma.edu.ar\/index.php\/wp-json\/wp\/v2\/tags?post=6329"}],"curies":[{"name":"wp","href":"https:\/\/api.w.org\/{rel}","templated":true}]}}