{"id":6316,"date":"2019-04-29T21:14:22","date_gmt":"2019-04-30T00:14:22","guid":{"rendered":"http:\/\/170.210.81.106\/newfade\/?p=6316"},"modified":"2022-10-07T21:15:22","modified_gmt":"2022-10-08T00:15:22","slug":"charla-introductoria-sobre-agroecologia-agricultura-biodinamica","status":"publish","type":"post","link":"https:\/\/fadeweb.uncoma.edu.ar\/index.php\/2019\/04\/29\/charla-introductoria-sobre-agroecologia-agricultura-biodinamica\/","title":{"rendered":"CHARLA INTRODUCTORIA SOBRE AGROECOLOG\u00cdA\/AGRICULTURA BIODIN\u00c1MICA"},"content":{"rendered":"<p class=\"texto\"><img fetchpriority=\"high\" decoding=\"async\" class=\"aligncenter wp-image-6317 size-full\" src=\"https:\/\/fadeweb.uncoma.edu.ar\/wp-content\/uploads\/2022\/10\/Agroecologia-Charla-copia.jpg\" alt=\"\" width=\"800\" height=\"800\" srcset=\"https:\/\/fadeweb.uncoma.edu.ar\/wp-content\/uploads\/2022\/10\/Agroecologia-Charla-copia.jpg 800w, https:\/\/fadeweb.uncoma.edu.ar\/wp-content\/uploads\/2022\/10\/Agroecologia-Charla-copia-300x300.jpg 300w, https:\/\/fadeweb.uncoma.edu.ar\/wp-content\/uploads\/2022\/10\/Agroecologia-Charla-copia-150x150.jpg 150w, https:\/\/fadeweb.uncoma.edu.ar\/wp-content\/uploads\/2022\/10\/Agroecologia-Charla-copia-768x768.jpg 768w\" sizes=\"(max-width: 800px) 100vw, 800px\" \/>La charla con Antonio Heinze, m\u00e9dico veterinario (UBA), se llevar\u00e1 a cabo el jueves 2 de mayo, de 14 a 17, en el aula 5 de la Facultad de Derecho y Ciencias Sociales. El encuentro es abierto a toda la comunidad interesada en cultivos biodin\u00e1micos, libre y gratuito, con cupo limitado a 100 personas.<br \/>\nSe trata de un sistema diferente de producci\u00f3n agroecol\u00f3gica, que pone de relevancia la interacci\u00f3n entre el cosmos y la tierra.<\/p>\n<p class=\"texto\">Lo que se busca en la agricultura biodin\u00e1mica es un equilibrio de todo el espacio de la huerta, que tiene que ver con las fuerzas que act\u00faan en el desenvolvimiento de los vegetales y los animales.<br \/>\nLa biodin\u00e1mica propone un m\u00e9todo integrador, teniendo en cuenta todos los factores naturales que intervienen en el proceso, tratando a la tierra como un ser vivo.<\/p>\n<p class=\"texto\">Antonio Heinze es m\u00e9dico veterinario egresado de la UBA, especialista en medicina Homeop\u00e1tica, docente en cursos de Agricultura Biodin\u00e1mica, miembro y ex presidente de la Asociaci\u00f3n para la Agricultura Biol\u00f3gico-din\u00e1mica de Argentina (AABDA) conocido en nuestra zona por su desempe\u00f1o como asesor de emprendimientos y empresas biodin\u00e1micas.<\/p>\n<p class=\"texto\">Es organizado por la Secretar\u00eda de Extensi\u00f3n \/ H\u00e1bitos Saludables de la FADECS conjuntamente con el INTA.<\/p>\n<p class=\"texto\">La inscripci\u00f3n a la charla introductoria Agroecolog\u00eda\/Agricultura Biodin\u00e1mica se puede realizar en:\u00a0<a href=\"https:\/\/tinyurl.com\/y4sdf4uj\">https:\/\/tinyurl.com\/y4sdf4uj<\/a><\/p>\n","protected":false},"excerpt":{"rendered":"<p>La charla con Antonio Heinze, m\u00e9dico veterinario (UBA), se llevar\u00e1 a cabo el jueves 2 de mayo, de 14 a 17, en el aula 5 de la Facultad de Derecho y Ciencias Sociales. El encuentro es abierto a toda la comunidad interesada en cultivos biodin\u00e1micos, libre y gratuito, con cupo limitado a 100 personas. Se [&hellip;]<\/p>\n","protected":false},"author":2,"featured_media":6317,"comment_status":"open","ping_status":"open","sticky":false,"template":"","format":"standard","meta":{"footnotes":""},"categories":[12,45,5],"tags":[],"class_list":["post-6316","post","type-post","status-publish","format-standard","has-post-thumbnail","hentry","category-12","category-habitos-saludables","category-notifadecs"],"_links":{"self":[{"href":"https:\/\/fadeweb.uncoma.edu.ar\/index.php\/wp-json\/wp\/v2\/posts\/6316","targetHints":{"allow":["GET"]}}],"collection":[{"href":"https:\/\/fadeweb.uncoma.edu.ar\/index.php\/wp-json\/wp\/v2\/posts"}],"about":[{"href":"https:\/\/fadeweb.uncoma.edu.ar\/index.php\/wp-json\/wp\/v2\/types\/post"}],"author":[{"embeddable":true,"href":"https:\/\/fadeweb.uncoma.edu.ar\/index.php\/wp-json\/wp\/v2\/users\/2"}],"replies":[{"embeddable":true,"href":"https:\/\/fadeweb.uncoma.edu.ar\/index.php\/wp-json\/wp\/v2\/comments?post=6316"}],"version-history":[{"count":1,"href":"https:\/\/fadeweb.uncoma.edu.ar\/index.php\/wp-json\/wp\/v2\/posts\/6316\/revisions"}],"predecessor-version":[{"id":6318,"href":"https:\/\/fadeweb.uncoma.edu.ar\/index.php\/wp-json\/wp\/v2\/posts\/6316\/revisions\/6318"}],"wp:featuredmedia":[{"embeddable":true,"href":"https:\/\/fadeweb.uncoma.edu.ar\/index.php\/wp-json\/wp\/v2\/media\/6317"}],"wp:attachment":[{"href":"https:\/\/fadeweb.uncoma.edu.ar\/index.php\/wp-json\/wp\/v2\/media?parent=6316"}],"wp:term":[{"taxonomy":"category","embeddable":true,"href":"https:\/\/fadeweb.uncoma.edu.ar\/index.php\/wp-json\/wp\/v2\/categories?post=6316"},{"taxonomy":"post_tag","embeddable":true,"href":"https:\/\/fadeweb.uncoma.edu.ar\/index.php\/wp-json\/wp\/v2\/tags?post=6316"}],"curies":[{"name":"wp","href":"https:\/\/api.w.org\/{rel}","templated":true}]}}