{"id":6307,"date":"2019-08-23T21:09:59","date_gmt":"2019-08-24T00:09:59","guid":{"rendered":"http:\/\/170.210.81.106\/newfade\/?p=6307"},"modified":"2022-10-07T21:11:03","modified_gmt":"2022-10-08T00:11:03","slug":"llamado-a-inscripcion-de-voluntarias-os-para-la-huerta-2","status":"publish","type":"post","link":"https:\/\/fadeweb.uncoma.edu.ar\/index.php\/2019\/08\/23\/llamado-a-inscripcion-de-voluntarias-os-para-la-huerta-2\/","title":{"rendered":"LLAMADO A INSCRIPCI\u00d3N DE VOLUNTARIAS\/OS PARA LA HUERTA"},"content":{"rendered":"<p class=\"texto\"><img fetchpriority=\"high\" decoding=\"async\" class=\"aligncenter wp-image-6308 size-full\" src=\"https:\/\/fadeweb.uncoma.edu.ar\/wp-content\/uploads\/2022\/10\/huerta-1.jpg\" alt=\"\" width=\"800\" height=\"534\" srcset=\"https:\/\/fadeweb.uncoma.edu.ar\/wp-content\/uploads\/2022\/10\/huerta-1.jpg 800w, https:\/\/fadeweb.uncoma.edu.ar\/wp-content\/uploads\/2022\/10\/huerta-1-300x200.jpg 300w, https:\/\/fadeweb.uncoma.edu.ar\/wp-content\/uploads\/2022\/10\/huerta-1-768x513.jpg 768w\" sizes=\"(max-width: 800px) 100vw, 800px\" \/>El \u00c1rea de H\u00e1bitos Saludables de la Secretar\u00eda de Extensi\u00f3n llama a inscripci\u00f3n de voluntarias\/os para la realizaci\u00f3n de la\u00a0<strong>\u201cHuerta Agroecol\u00f3gica y Comunitaria\u201d<\/strong>\u00a0de la Facultad de Derecho y Ciencias Sociales.<\/p>\n<p class=\"texto\">El proyecto Huerta cuenta con el aval institucional del Consejo Directivo de la FADECS (Resol. N\u00ba 174\/19) y plantea importantes beneficios a nivel individual y colectivo, favoreciendo tanto las condiciones bio-psicosociales como las de tipo cultural y econ\u00f3mico.<\/p>\n<p class=\"texto\">Constituye \u2013 sin duda- un espacio m\u00e1s, dentro del \u00e1mbito de nuestra Facultad, donde poder interactuar entre los distintos claustros que la componen.<\/p>\n<p class=\"texto\">Se estima poder comenzar con el trabajo entre los pr\u00f3ximos meses de septiembre y octubre (sembrado y armado de sistema de riego). Se brindar\u00e1 asesoramiento y capacitaci\u00f3n permanente.<\/p>\n<p class=\"texto\"><strong>Requisitos:<\/strong>\u00a0ser estudiante o trabajador\/a de la UNCo.<\/p>\n<p class=\"texto\">Las\/os interesadas\/os, podr\u00e1n inscribirse en el siguiente link:\u00a0<a href=\"https:\/\/tinyurl.com\/y56wv69x\">https:\/\/tinyurl.com\/y56wv69x<\/a><\/p>\n","protected":false},"excerpt":{"rendered":"<p>El \u00c1rea de H\u00e1bitos Saludables de la Secretar\u00eda de Extensi\u00f3n llama a inscripci\u00f3n de voluntarias\/os para la realizaci\u00f3n de la\u00a0\u201cHuerta Agroecol\u00f3gica y Comunitaria\u201d\u00a0de la Facultad de Derecho y Ciencias Sociales. El proyecto Huerta cuenta con el aval institucional del Consejo Directivo de la FADECS (Resol. N\u00ba 174\/19) y plantea importantes beneficios a nivel individual y [&hellip;]<\/p>\n","protected":false},"author":2,"featured_media":6308,"comment_status":"open","ping_status":"open","sticky":false,"template":"","format":"standard","meta":{"footnotes":""},"categories":[12,45,5],"tags":[],"class_list":["post-6307","post","type-post","status-publish","format-standard","has-post-thumbnail","hentry","category-12","category-habitos-saludables","category-notifadecs"],"_links":{"self":[{"href":"https:\/\/fadeweb.uncoma.edu.ar\/index.php\/wp-json\/wp\/v2\/posts\/6307","targetHints":{"allow":["GET"]}}],"collection":[{"href":"https:\/\/fadeweb.uncoma.edu.ar\/index.php\/wp-json\/wp\/v2\/posts"}],"about":[{"href":"https:\/\/fadeweb.uncoma.edu.ar\/index.php\/wp-json\/wp\/v2\/types\/post"}],"author":[{"embeddable":true,"href":"https:\/\/fadeweb.uncoma.edu.ar\/index.php\/wp-json\/wp\/v2\/users\/2"}],"replies":[{"embeddable":true,"href":"https:\/\/fadeweb.uncoma.edu.ar\/index.php\/wp-json\/wp\/v2\/comments?post=6307"}],"version-history":[{"count":1,"href":"https:\/\/fadeweb.uncoma.edu.ar\/index.php\/wp-json\/wp\/v2\/posts\/6307\/revisions"}],"predecessor-version":[{"id":6309,"href":"https:\/\/fadeweb.uncoma.edu.ar\/index.php\/wp-json\/wp\/v2\/posts\/6307\/revisions\/6309"}],"wp:featuredmedia":[{"embeddable":true,"href":"https:\/\/fadeweb.uncoma.edu.ar\/index.php\/wp-json\/wp\/v2\/media\/6308"}],"wp:attachment":[{"href":"https:\/\/fadeweb.uncoma.edu.ar\/index.php\/wp-json\/wp\/v2\/media?parent=6307"}],"wp:term":[{"taxonomy":"category","embeddable":true,"href":"https:\/\/fadeweb.uncoma.edu.ar\/index.php\/wp-json\/wp\/v2\/categories?post=6307"},{"taxonomy":"post_tag","embeddable":true,"href":"https:\/\/fadeweb.uncoma.edu.ar\/index.php\/wp-json\/wp\/v2\/tags?post=6307"}],"curies":[{"name":"wp","href":"https:\/\/api.w.org\/{rel}","templated":true}]}}