{"id":6295,"date":"2020-02-26T21:03:32","date_gmt":"2020-02-27T00:03:32","guid":{"rendered":"http:\/\/170.210.81.106\/newfade\/?p=6295"},"modified":"2022-10-07T21:04:22","modified_gmt":"2022-10-08T00:04:22","slug":"los-estudiantes-de-la-huerta-cuentan-su-experiencia","status":"publish","type":"post","link":"https:\/\/fadeweb.uncoma.edu.ar\/index.php\/2020\/02\/26\/los-estudiantes-de-la-huerta-cuentan-su-experiencia\/","title":{"rendered":"LOS ESTUDIANTES DE LA HUERTA CUENTAN SU EXPERIENCIA"},"content":{"rendered":"<p class=\"texto\"><img fetchpriority=\"high\" decoding=\"async\" class=\"aligncenter wp-image-6296 size-large\" src=\"https:\/\/fadeweb.uncoma.edu.ar\/wp-content\/uploads\/2022\/10\/h3-1024x683.jpg\" alt=\"\" width=\"800\" height=\"534\" srcset=\"https:\/\/fadeweb.uncoma.edu.ar\/wp-content\/uploads\/2022\/10\/h3-1024x683.jpg 1024w, https:\/\/fadeweb.uncoma.edu.ar\/wp-content\/uploads\/2022\/10\/h3-300x200.jpg 300w, https:\/\/fadeweb.uncoma.edu.ar\/wp-content\/uploads\/2022\/10\/h3-768x512.jpg 768w, https:\/\/fadeweb.uncoma.edu.ar\/wp-content\/uploads\/2022\/10\/h3-1536x1024.jpg 1536w, https:\/\/fadeweb.uncoma.edu.ar\/wp-content\/uploads\/2022\/10\/h3.jpg 1920w\" sizes=\"(max-width: 800px) 100vw, 800px\" \/>El \u00c1rea de H\u00e1bitos Saludables de la Secretar\u00eda de Extensi\u00f3n de la FADECS-UNCo invita este viernes 28 de febrero a las 10 a un encuentro en la Huerta Agroecol\u00f3gica y Comunitaria de nuestra casa de estudios.<\/p>\n<p class=\"texto\">La propulsora de la iniciativa, Patricia Pl\u00e1, dijo que \u00abla propuesta apunta a brindar informaci\u00f3n y participar de toda la actividad que se lleva adelante. Durante la reuni\u00f3n se explicar\u00e1n cada uno de los pasos dados desde el comienzo del trabajo, que se inici\u00f3 con la siembra en septiembre de 2019,\u00a0 continu\u00f3 durante el verano con los cuidados de las plantaciones, y en este momento se est\u00e1 realizando la cosecha de las distintas variedades de verduras y hortalizas\u00bb.<\/p>\n<p class=\"texto\">Tal como se informara la semana pasada, lo obtenido en la huerta de la FADECS-UNCo se reparti\u00f3 en el Comedor Universitario y en las residencias universitarias. La producci\u00f3n de temporada incluy\u00f3 zapallo zucchini, zapallito verde, cinco variedades de tomate, zanahoria, apio, albahaca, lechuga, remolacha y perejil.<\/p>\n<p class=\"texto\">Pla dijo que \u00aba mediados de marzo estar\u00e1n los choclos y los primeros zapallos calabaza; en tanto que, el viernes 21 de febrero se comenz\u00f3 con la siembra de oto\u00f1o-invierno, en este caso con espinaca y acelga\u00bb.<\/p>\n<p class=\"texto\">El equipo de trabajo que realiza las tareas culturales est\u00e1 compuesto por los estudiantes Juli, Betiana, Catalina, Claudia, Esmeralda, Francisco, Guadalupe, Lucas, Malena, Martina, Vera, Diego, el ingeniero agr\u00f3nomo Pablo V\u00e1zquez (INTA), y Patricia Pl\u00e1 del \u00c1rea de H\u00e1bitos Saludables de FADECS-UNCo.<\/p>\n","protected":false},"excerpt":{"rendered":"<p>El \u00c1rea de H\u00e1bitos Saludables de la Secretar\u00eda de Extensi\u00f3n de la FADECS-UNCo invita este viernes 28 de febrero a las 10 a un encuentro en la Huerta Agroecol\u00f3gica y Comunitaria de nuestra casa de estudios. La propulsora de la iniciativa, Patricia Pl\u00e1, dijo que \u00abla propuesta apunta a brindar informaci\u00f3n y participar de toda [&hellip;]<\/p>\n","protected":false},"author":2,"featured_media":6296,"comment_status":"open","ping_status":"open","sticky":false,"template":"","format":"standard","meta":{"footnotes":""},"categories":[39,45,5],"tags":[],"class_list":["post-6295","post","type-post","status-publish","format-standard","has-post-thumbnail","hentry","category-39","category-habitos-saludables","category-notifadecs"],"_links":{"self":[{"href":"https:\/\/fadeweb.uncoma.edu.ar\/index.php\/wp-json\/wp\/v2\/posts\/6295","targetHints":{"allow":["GET"]}}],"collection":[{"href":"https:\/\/fadeweb.uncoma.edu.ar\/index.php\/wp-json\/wp\/v2\/posts"}],"about":[{"href":"https:\/\/fadeweb.uncoma.edu.ar\/index.php\/wp-json\/wp\/v2\/types\/post"}],"author":[{"embeddable":true,"href":"https:\/\/fadeweb.uncoma.edu.ar\/index.php\/wp-json\/wp\/v2\/users\/2"}],"replies":[{"embeddable":true,"href":"https:\/\/fadeweb.uncoma.edu.ar\/index.php\/wp-json\/wp\/v2\/comments?post=6295"}],"version-history":[{"count":1,"href":"https:\/\/fadeweb.uncoma.edu.ar\/index.php\/wp-json\/wp\/v2\/posts\/6295\/revisions"}],"predecessor-version":[{"id":6297,"href":"https:\/\/fadeweb.uncoma.edu.ar\/index.php\/wp-json\/wp\/v2\/posts\/6295\/revisions\/6297"}],"wp:featuredmedia":[{"embeddable":true,"href":"https:\/\/fadeweb.uncoma.edu.ar\/index.php\/wp-json\/wp\/v2\/media\/6296"}],"wp:attachment":[{"href":"https:\/\/fadeweb.uncoma.edu.ar\/index.php\/wp-json\/wp\/v2\/media?parent=6295"}],"wp:term":[{"taxonomy":"category","embeddable":true,"href":"https:\/\/fadeweb.uncoma.edu.ar\/index.php\/wp-json\/wp\/v2\/categories?post=6295"},{"taxonomy":"post_tag","embeddable":true,"href":"https:\/\/fadeweb.uncoma.edu.ar\/index.php\/wp-json\/wp\/v2\/tags?post=6295"}],"curies":[{"name":"wp","href":"https:\/\/api.w.org\/{rel}","templated":true}]}}