{"id":6266,"date":"2018-03-19T20:06:37","date_gmt":"2018-03-19T23:06:37","guid":{"rendered":"http:\/\/170.210.81.106\/newfade\/?p=6266"},"modified":"2022-10-07T20:07:29","modified_gmt":"2022-10-07T23:07:29","slug":"la-fadecs-recuerda-el-42-aniversario-del-golpe-a-traves-del-programa-derechos-humanos-juventud-y-memoria","status":"publish","type":"post","link":"https:\/\/fadeweb.uncoma.edu.ar\/index.php\/2018\/03\/19\/la-fadecs-recuerda-el-42-aniversario-del-golpe-a-traves-del-programa-derechos-humanos-juventud-y-memoria\/","title":{"rendered":"LA FADECS RECUERDA EL 42 ANIVERSARIO DEL GOLPE A TRAV\u00c9S DEL PROGRAMA \u00abDERECHOS HUMANOS, JUVENTUD Y MEMORIA\u00bb"},"content":{"rendered":"<p class=\"texto\"><img fetchpriority=\"high\" decoding=\"async\" class=\"aligncenter wp-image-6267 size-large\" src=\"https:\/\/fadeweb.uncoma.edu.ar\/wp-content\/uploads\/2022\/10\/afiche-muestra-ddhhjym-01-01-724x1024.jpg\" alt=\"\" width=\"724\" height=\"1024\" srcset=\"https:\/\/fadeweb.uncoma.edu.ar\/wp-content\/uploads\/2022\/10\/afiche-muestra-ddhhjym-01-01-724x1024.jpg 724w, https:\/\/fadeweb.uncoma.edu.ar\/wp-content\/uploads\/2022\/10\/afiche-muestra-ddhhjym-01-01-212x300.jpg 212w, https:\/\/fadeweb.uncoma.edu.ar\/wp-content\/uploads\/2022\/10\/afiche-muestra-ddhhjym-01-01-768x1086.jpg 768w, https:\/\/fadeweb.uncoma.edu.ar\/wp-content\/uploads\/2022\/10\/afiche-muestra-ddhhjym-01-01-1086x1536.jpg 1086w, https:\/\/fadeweb.uncoma.edu.ar\/wp-content\/uploads\/2022\/10\/afiche-muestra-ddhhjym-01-01.jpg 1358w\" sizes=\"(max-width: 724px) 100vw, 724px\" \/>La Secretar\u00eda de Extensi\u00f3n y Asuntos Estudiantiles comunica que\u00a0se pone en marcha este viernes 23 de Marzo\u00a0el Programa \u00ab<strong>Derechos Humanos, Juventud y Memoria<\/strong>\u00bb en la Facultad de Derecho y Ciencias Sociales, con motivo de conmemorarse un nuevo aniversario del golpe c\u00edvico militar de 1976. El acto central de apertura ser\u00e1 con la inauguraci\u00f3n de la muestra \u00abJuicio y Castigo, Im\u00e1genes para no olvidar\u00bb, a cargo de la APDH.<\/p>\n<p class=\"texto\">En paralelo, se har\u00e1n varias actividades entre las que est\u00e1n confirmadas la presentaci\u00f3n del libro \u00abBasta de silenciar mi pasado\u00bb de Carlos Alberto Varela,\u00a0 las charlas denominadas \u00abLa militarizaci\u00f3n en la regi\u00f3n latinoamericana\u00bb a cargo de Ana Siufi, y \u00abMemoria de los juicios en R\u00edo Negro y Neuqu\u00e9n\u00bb a cargo de Marcelo Grosso y Mar\u00eda Su\u00e1rez Amieva. Las fechas y hora de cada actividad se informar\u00e1 de manera oportuna por este medio.<\/p>\n<p class=\"texto\">La muestra itinerante \u00abJuicio y Castigo, Im\u00e1genes para no olvidar\u00bb es una realizaci\u00f3n del proyecto \u201cMemoria Colectiva, a 40 a\u00f1os del golpe c\u00edvico militar\u201d, cuya comisi\u00f3n puso en marcha el rector de la Universidad Nacional del Comahue Gustavo Crisafulli, en marzo de 2016.<\/p>\n<p class=\"texto\">En 2017 se exhibi\u00f3 de manera completa en la sede de la UNCo central, con el nombre \u00abJuicio y Castigo, Im\u00e1genes para no olvidar\u00bb; a continuaci\u00f3n, en septiembre se abri\u00f3 en el campus de Cipolletti (Ciencias de la Educaci\u00f3n, Medicina y Psicolog\u00eda), con el nombre \u00abMes de la Juventud y los Derechos Humanos\u00bb; y en noviembre se present\u00f3 en el campus de Viedma.<\/p>\n<p class=\"texto\">Este a\u00f1o llega a General Roca en un programa amplio denominado\u00a0<strong>\u00abDerechos Humanos, Juventud y Memoria\u00bb<\/strong>. En su conformaci\u00f3n particip\u00f3 de manera amplia el personal de la Universidad Nacional del Comahue, la APDH y organizaciones sociales. El trabajo de b\u00fasqueda del material fotogr\u00e1fico, la selecci\u00f3n e impresi\u00f3n conllev\u00f3 un procedimiento con un concepto est\u00e9tico.<\/p>\n<p class=\"texto\">La etapa de recolecci\u00f3n se concret\u00f3 de com\u00fan acuerdo con los familiares que facilitaron las fotos, quienes apostaron al \u00e9xito de la iniciativa. Los organizadores se propusieron llegar a los j\u00f3venes, de nivel medio y universitario, con una propuesta informativa de primera mano, y que a la vez permitiera el tr\u00e1nsito del dolor a la reflexi\u00f3n.<\/p>\n<p class=\"texto\">La muestra se presenta como una manera de \u00abasegurar a los asistentes una fuente fidedigna de consulta en el lugar, en especial para las nuevas generaciones\u00bb, por lo que se pondr\u00e1 \u00e9nfasis en la atenci\u00f3n de las c\u00e1tedras de la Facultad que incluyan en su curricula las visitas guiadas.<\/p>\n","protected":false},"excerpt":{"rendered":"<p>La Secretar\u00eda de Extensi\u00f3n y Asuntos Estudiantiles comunica que\u00a0se pone en marcha este viernes 23 de Marzo\u00a0el Programa \u00abDerechos Humanos, Juventud y Memoria\u00bb en la Facultad de Derecho y Ciencias Sociales, con motivo de conmemorarse un nuevo aniversario del golpe c\u00edvico militar de 1976. El acto central de apertura ser\u00e1 con la inauguraci\u00f3n de la [&hellip;]<\/p>\n","protected":false},"author":2,"featured_media":6267,"comment_status":"open","ping_status":"open","sticky":false,"template":"","format":"standard","meta":{"footnotes":""},"categories":[11,5,43],"tags":[],"class_list":["post-6266","post","type-post","status-publish","format-standard","has-post-thumbnail","hentry","category-11","category-notifadecs","category-promocion-defensa-derechos-humanos"],"_links":{"self":[{"href":"https:\/\/fadeweb.uncoma.edu.ar\/index.php\/wp-json\/wp\/v2\/posts\/6266","targetHints":{"allow":["GET"]}}],"collection":[{"href":"https:\/\/fadeweb.uncoma.edu.ar\/index.php\/wp-json\/wp\/v2\/posts"}],"about":[{"href":"https:\/\/fadeweb.uncoma.edu.ar\/index.php\/wp-json\/wp\/v2\/types\/post"}],"author":[{"embeddable":true,"href":"https:\/\/fadeweb.uncoma.edu.ar\/index.php\/wp-json\/wp\/v2\/users\/2"}],"replies":[{"embeddable":true,"href":"https:\/\/fadeweb.uncoma.edu.ar\/index.php\/wp-json\/wp\/v2\/comments?post=6266"}],"version-history":[{"count":1,"href":"https:\/\/fadeweb.uncoma.edu.ar\/index.php\/wp-json\/wp\/v2\/posts\/6266\/revisions"}],"predecessor-version":[{"id":6268,"href":"https:\/\/fadeweb.uncoma.edu.ar\/index.php\/wp-json\/wp\/v2\/posts\/6266\/revisions\/6268"}],"wp:featuredmedia":[{"embeddable":true,"href":"https:\/\/fadeweb.uncoma.edu.ar\/index.php\/wp-json\/wp\/v2\/media\/6267"}],"wp:attachment":[{"href":"https:\/\/fadeweb.uncoma.edu.ar\/index.php\/wp-json\/wp\/v2\/media?parent=6266"}],"wp:term":[{"taxonomy":"category","embeddable":true,"href":"https:\/\/fadeweb.uncoma.edu.ar\/index.php\/wp-json\/wp\/v2\/categories?post=6266"},{"taxonomy":"post_tag","embeddable":true,"href":"https:\/\/fadeweb.uncoma.edu.ar\/index.php\/wp-json\/wp\/v2\/tags?post=6266"}],"curies":[{"name":"wp","href":"https:\/\/api.w.org\/{rel}","templated":true}]}}