{"id":6263,"date":"2018-03-23T20:05:28","date_gmt":"2018-03-23T23:05:28","guid":{"rendered":"http:\/\/170.210.81.106\/newfade\/?p=6263"},"modified":"2022-10-07T20:06:24","modified_gmt":"2022-10-07T23:06:24","slug":"invitacion-a-la-muestra-juicio-y-castigo-imagenes-para-no-olvidar","status":"publish","type":"post","link":"https:\/\/fadeweb.uncoma.edu.ar\/index.php\/2018\/03\/23\/invitacion-a-la-muestra-juicio-y-castigo-imagenes-para-no-olvidar\/","title":{"rendered":"INVITACI\u00d3N A LA MUESTRA \u00abJUICIO Y CASTIGO: IM\u00c1GENES PARA NO OLVIDAR\u00bb"},"content":{"rendered":"<p class=\"texto\"><img fetchpriority=\"high\" decoding=\"async\" class=\"aligncenter wp-image-6264 size-large\" src=\"https:\/\/fadeweb.uncoma.edu.ar\/wp-content\/uploads\/2022\/10\/muestra-24marzo-1024x633.jpg\" alt=\"\" width=\"800\" height=\"495\" srcset=\"https:\/\/fadeweb.uncoma.edu.ar\/wp-content\/uploads\/2022\/10\/muestra-24marzo-1024x633.jpg 1024w, https:\/\/fadeweb.uncoma.edu.ar\/wp-content\/uploads\/2022\/10\/muestra-24marzo-300x186.jpg 300w, https:\/\/fadeweb.uncoma.edu.ar\/wp-content\/uploads\/2022\/10\/muestra-24marzo-768x475.jpg 768w, https:\/\/fadeweb.uncoma.edu.ar\/wp-content\/uploads\/2022\/10\/muestra-24marzo.jpg 1240w\" sizes=\"(max-width: 800px) 100vw, 800px\" \/>El Decano Andr\u00e9s Ponce de Le\u00f3n invita a la inauguraci\u00f3n de la muestra \u00abJuicio y Castigo: im\u00e1genes para no olvidar\u00bb, la cual se llevar\u00e1 a cabo este Viernes 23 de Marzo a las 18 hs en los pasillos del edificio nuevo de la FADECS, lugar donde estar\u00e1 expuesta la muestra hasta el 28 de Abril del corriente.<\/p>\n<p class=\"texto\">La inauguraci\u00f3n consistir\u00e1 en una visita guiada por los cuatro ejes tem\u00e1ticos de la muestra:\u00a0\u00abEl terrorismo de Estado\u00bb, con sus sistema aplicado en toda Latinoam\u00e9rica;\u00a0\u00abNuestros compa\u00f1eros\u00bb, con fotos e historias de vida de los 113 desaparecidos de la zona;\u00a0\u00abTodos contra la impunidad\u00bb; y\u00a0\u00abLos juicios\u00bb conocidos como La Escuelita I ,II, III y IV. Dicha visita estar\u00e1 cargo de Noem\u00ed Labrune, referente de la Asamblea Permanente por los Derechos Humanos en Neuqu\u00e9n (APDH).<\/p>\n<p class=\"texto\">La muestra itinerante \u00abJuicio y Castigo, Im\u00e1genes para no olvidar\u00bb es una realizaci\u00f3n del proyecto \u201cMemoria Colectiva, a 40 a\u00f1os del golpe c\u00edvico militar\u201d, cuya comisi\u00f3n puso en marcha el rector de la Universidad Nacional del Comahue, Gustavo Crisafulli, en marzo de 2016.<\/p>\n<p class=\"texto\">En 2017 se exhibi\u00f3 de manera completa en la sede de la UNCo central, con el nombre \u00abJuicio y Castigo, Im\u00e1genes para no olvidar\u00bb; a continuaci\u00f3n, en septiembre se abri\u00f3 en el campus de Cipolletti (Ciencias de la Educaci\u00f3n, Medicina y Psicolog\u00eda), con el nombre \u00abMes de la Juventud y los Derechos Humanos\u00bb; y en noviembre se present\u00f3 en el campus de Viedma.<\/p>\n<p class=\"texto\">Este a\u00f1o llega a General Roca en un programa amplio denominado\u00a0\u00abDerechos Humanos, Juventud y Memoria\u00bb\u00a0que fuera organizado por esta Facultad en\u00a0conmemoraci\u00f3n del aniversario N\u00ba 42 del golpe c\u00edvico militar de 1976, y en el cual se desarrollar\u00e1n tambi\u00e9n otras actividades, a saber:\u00a0\u00a0la presentaci\u00f3n del libro \u00abBasta de silenciar mi pasado\u00bb de Carlos Alberto Varela, charlas denominadas \u00abLa militarizaci\u00f3n en la regi\u00f3n latinoamericana\u00bb a cargo de Ana Siufi, y \u00abMemoria de los juicios en R\u00edo Negro y Neuqu\u00e9n\u00bb a cargo de Marcelo Grosso y Mar\u00eda Su\u00e1rez Amieva, entre otras.<\/p>\n","protected":false},"excerpt":{"rendered":"<p>El Decano Andr\u00e9s Ponce de Le\u00f3n invita a la inauguraci\u00f3n de la muestra \u00abJuicio y Castigo: im\u00e1genes para no olvidar\u00bb, la cual se llevar\u00e1 a cabo este Viernes 23 de Marzo a las 18 hs en los pasillos del edificio nuevo de la FADECS, lugar donde estar\u00e1 expuesta la muestra hasta el 28 de Abril [&hellip;]<\/p>\n","protected":false},"author":2,"featured_media":6264,"comment_status":"open","ping_status":"open","sticky":false,"template":"","format":"standard","meta":{"footnotes":""},"categories":[11,5,43],"tags":[],"class_list":["post-6263","post","type-post","status-publish","format-standard","has-post-thumbnail","hentry","category-11","category-notifadecs","category-promocion-defensa-derechos-humanos"],"_links":{"self":[{"href":"https:\/\/fadeweb.uncoma.edu.ar\/index.php\/wp-json\/wp\/v2\/posts\/6263","targetHints":{"allow":["GET"]}}],"collection":[{"href":"https:\/\/fadeweb.uncoma.edu.ar\/index.php\/wp-json\/wp\/v2\/posts"}],"about":[{"href":"https:\/\/fadeweb.uncoma.edu.ar\/index.php\/wp-json\/wp\/v2\/types\/post"}],"author":[{"embeddable":true,"href":"https:\/\/fadeweb.uncoma.edu.ar\/index.php\/wp-json\/wp\/v2\/users\/2"}],"replies":[{"embeddable":true,"href":"https:\/\/fadeweb.uncoma.edu.ar\/index.php\/wp-json\/wp\/v2\/comments?post=6263"}],"version-history":[{"count":1,"href":"https:\/\/fadeweb.uncoma.edu.ar\/index.php\/wp-json\/wp\/v2\/posts\/6263\/revisions"}],"predecessor-version":[{"id":6265,"href":"https:\/\/fadeweb.uncoma.edu.ar\/index.php\/wp-json\/wp\/v2\/posts\/6263\/revisions\/6265"}],"wp:featuredmedia":[{"embeddable":true,"href":"https:\/\/fadeweb.uncoma.edu.ar\/index.php\/wp-json\/wp\/v2\/media\/6264"}],"wp:attachment":[{"href":"https:\/\/fadeweb.uncoma.edu.ar\/index.php\/wp-json\/wp\/v2\/media?parent=6263"}],"wp:term":[{"taxonomy":"category","embeddable":true,"href":"https:\/\/fadeweb.uncoma.edu.ar\/index.php\/wp-json\/wp\/v2\/categories?post=6263"},{"taxonomy":"post_tag","embeddable":true,"href":"https:\/\/fadeweb.uncoma.edu.ar\/index.php\/wp-json\/wp\/v2\/tags?post=6263"}],"curies":[{"name":"wp","href":"https:\/\/api.w.org\/{rel}","templated":true}]}}