{"id":6258,"date":"2018-03-28T19:56:44","date_gmt":"2018-03-28T22:56:44","guid":{"rendered":"http:\/\/170.210.81.106\/newfade\/?p=6258"},"modified":"2022-10-07T19:57:28","modified_gmt":"2022-10-07T22:57:28","slug":"estudiantes-secundarios-recorren-la-muestra-juicio-y-castigo","status":"publish","type":"post","link":"https:\/\/fadeweb.uncoma.edu.ar\/index.php\/2018\/03\/28\/estudiantes-secundarios-recorren-la-muestra-juicio-y-castigo\/","title":{"rendered":"ESTUDIANTES SECUNDARIOS RECORREN LA MUESTRA \u00abJUICIO Y CASTIGO\u00bb"},"content":{"rendered":"<p class=\"texto\"><img fetchpriority=\"high\" decoding=\"async\" class=\"alignnone size-medium wp-image-6253\" src=\"https:\/\/fadeweb.uncoma.edu.ar\/wp-content\/uploads\/2022\/10\/muestra2403-300x225.jpg\" alt=\"\" width=\"300\" height=\"225\" srcset=\"https:\/\/fadeweb.uncoma.edu.ar\/wp-content\/uploads\/2022\/10\/muestra2403-300x225.jpg 300w, https:\/\/fadeweb.uncoma.edu.ar\/wp-content\/uploads\/2022\/10\/muestra2403-1024x768.jpg 1024w, https:\/\/fadeweb.uncoma.edu.ar\/wp-content\/uploads\/2022\/10\/muestra2403-768x576.jpg 768w, https:\/\/fadeweb.uncoma.edu.ar\/wp-content\/uploads\/2022\/10\/muestra2403.jpg 1040w\" sizes=\"(max-width: 300px) 100vw, 300px\" \/>La muestra fotogr\u00e1fica y documental \u00abJuicio y Castigo: im\u00e1genes para no olvidar\u00bb, inaugurada el pasado viernes 23 de marzo en la FADECS, comenz\u00f3 a ser visitada por cursos de nivel medio de General Roca. Esta semana se acercaron estudiantes de la Escuela Secundaria R\u00edo Negro 116 de Barrio Noroeste; ayer concurrieron dos terceros (audio y m\u00fasica) y un cuarto (m\u00fasica), hoy en la ma\u00f1ana dos cuartos (audiovisual y teatro) y por la tarde lo har\u00e1n otros grupos del establecimiento.<\/p>\n<p class=\"texto\">Los profesores Anal\u00eda Giorella (int\u00e9rprete de lengua de se\u00f1as), Germ\u00e1n Vilca, Sebasti\u00e1n Arias y Juan Romero explicaron que \u00abla visita se enmarca en el tratamiento de los juicios de lesa humanidad, a 42 a\u00f1os de ocurridos los hechos\u00bb. La recorrida forma parte de la actividad de cierre, y les permite complementar con im\u00e1genes de los desaparecidos y los represores, el tratamiento que en forma habitual se aborda desde los aspectos legales (Leyes de Obediencia debida y de Punto final).<\/p>\n<p class=\"texto\">Los alumnos del secundario fueron recibidos por los estudiantes del Seminario de Derechos Humanos El\u00edas Guevara, Nadia Tapia y Eduardo Salinas, quienes se turnan para explicar los hechos ocurridos en forma cronol\u00f3gica hasta la actualidad. La profesora Ana Calafat destac\u00f3 el compromiso del grupo que en forma espont\u00e1nea se ofreci\u00f3 a llevar adelante esta pr\u00e1ctica.<\/p>\n<p class=\"texto\">Los colegios secundarios e instituciones interesados en realizar visitas guiadas deber\u00e1n coordinar con la Secretar\u00eda de Extensi\u00f3n de la FADECS, a los siguientes contactos:\u00a0<a href=\"mailto:secretaria.extensionfadecs@gmail.com\">secretaria.extensionfadecs@gmail.com<\/a>, tel\u00e9fono 0298-4433668 int. 26.<\/p>\n","protected":false},"excerpt":{"rendered":"<p>La muestra fotogr\u00e1fica y documental \u00abJuicio y Castigo: im\u00e1genes para no olvidar\u00bb, inaugurada el pasado viernes 23 de marzo en la FADECS, comenz\u00f3 a ser visitada por cursos de nivel medio de General Roca. Esta semana se acercaron estudiantes de la Escuela Secundaria R\u00edo Negro 116 de Barrio Noroeste; ayer concurrieron dos terceros (audio y [&hellip;]<\/p>\n","protected":false},"author":2,"featured_media":6253,"comment_status":"open","ping_status":"open","sticky":false,"template":"","format":"standard","meta":{"footnotes":""},"categories":[11,5,43],"tags":[],"class_list":["post-6258","post","type-post","status-publish","format-standard","has-post-thumbnail","hentry","category-11","category-notifadecs","category-promocion-defensa-derechos-humanos"],"_links":{"self":[{"href":"https:\/\/fadeweb.uncoma.edu.ar\/index.php\/wp-json\/wp\/v2\/posts\/6258","targetHints":{"allow":["GET"]}}],"collection":[{"href":"https:\/\/fadeweb.uncoma.edu.ar\/index.php\/wp-json\/wp\/v2\/posts"}],"about":[{"href":"https:\/\/fadeweb.uncoma.edu.ar\/index.php\/wp-json\/wp\/v2\/types\/post"}],"author":[{"embeddable":true,"href":"https:\/\/fadeweb.uncoma.edu.ar\/index.php\/wp-json\/wp\/v2\/users\/2"}],"replies":[{"embeddable":true,"href":"https:\/\/fadeweb.uncoma.edu.ar\/index.php\/wp-json\/wp\/v2\/comments?post=6258"}],"version-history":[{"count":1,"href":"https:\/\/fadeweb.uncoma.edu.ar\/index.php\/wp-json\/wp\/v2\/posts\/6258\/revisions"}],"predecessor-version":[{"id":6259,"href":"https:\/\/fadeweb.uncoma.edu.ar\/index.php\/wp-json\/wp\/v2\/posts\/6258\/revisions\/6259"}],"wp:featuredmedia":[{"embeddable":true,"href":"https:\/\/fadeweb.uncoma.edu.ar\/index.php\/wp-json\/wp\/v2\/media\/6253"}],"wp:attachment":[{"href":"https:\/\/fadeweb.uncoma.edu.ar\/index.php\/wp-json\/wp\/v2\/media?parent=6258"}],"wp:term":[{"taxonomy":"category","embeddable":true,"href":"https:\/\/fadeweb.uncoma.edu.ar\/index.php\/wp-json\/wp\/v2\/categories?post=6258"},{"taxonomy":"post_tag","embeddable":true,"href":"https:\/\/fadeweb.uncoma.edu.ar\/index.php\/wp-json\/wp\/v2\/tags?post=6258"}],"curies":[{"name":"wp","href":"https:\/\/api.w.org\/{rel}","templated":true}]}}